{"id":316,"date":"2023-06-26T22:02:10","date_gmt":"2023-06-26T20:02:10","guid":{"rendered":"https:\/\/bibliotecario.agustinosvalladolid.es\/?p=316"},"modified":"2023-06-26T22:27:31","modified_gmt":"2023-06-26T20:27:31","slug":"nuevos-libros-3","status":"publish","type":"post","link":"https:\/\/bibliotecario.agustinosvalladolid.es\/index.php\/2023\/06\/26\/nuevos-libros-3\/","title":{"rendered":"Nuevos libros (3)"},"content":{"rendered":"\n<h2 class=\"wp-block-heading\"><span style=\"color: #003366;\">26 de junio de 2023<\/span><\/h2>\n\n\n\n<!--more-->\n\n\n<span id=\"tablepress-9-description\" class=\"tablepress-table-description tablepress-table-description-id-9\">Novedades en adquisiciones de libros y obras bibliogr\u00e1ficas.<br \/>\n<\/span>\n\n<table id=\"tablepress-9\" class=\"tablepress tablepress-id-9\" aria-describedby=\"tablepress-9-description\">\n<thead>\n<tr class=\"row-1\">\n\t<td class=\"column-1\"><\/td><th class=\"column-2\">Registro<\/th><th class=\"column-3\">Ficha<\/th>\n<\/tr>\n<\/thead>\n<tbody class=\"row-striping row-hover\">\n<tr class=\"row-2\">\n\t<td class=\"column-1\">1<\/td><td class=\"column-2\"><a href=\"https:\/\/biblioteca.agustinosvalladolid.es\/cgi-bin\/koha\/opac-detail.pl?biblionumber=182821\" target=\"_blank\" rel=\"noopener\">182821<\/a><\/td><td class=\"column-3\">Isabel Juncosa Ginest\u00e0, Bibliografia d'hist\u00f2ria de l'esgl\u00e9sia de l'\u00e0mbit catal\u00e0 (2021-2022) \/  (  2022)<\/td>\n<\/tr>\n<tr class=\"row-3\">\n\t<td class=\"column-1\">2<\/td><td class=\"column-2\"><a href=\"https:\/\/biblioteca.agustinosvalladolid.es\/cgi-bin\/koha\/opac-detail.pl?biblionumber=182739\" target=\"_blank\" rel=\"noopener\">182739<\/a><\/td><td class=\"column-3\">Angela Standhartinger, Der Philipperbrief \/  (Mohr,  T\u00fcbingen : 2021)<\/td>\n<\/tr>\n<tr class=\"row-4\">\n\t<td class=\"column-1\">3<\/td><td class=\"column-2\"><a href=\"https:\/\/biblioteca.agustinosvalladolid.es\/cgi-bin\/koha\/opac-detail.pl?biblionumber=182738\" target=\"_blank\" rel=\"noopener\">182738<\/a><\/td><td class=\"column-3\">Gerald Wagner, Fran\u00e7ois Vouga, Der erste Brief des Petrus \/  (Mohr,  T\u00fcbingen : 2020)<\/td>\n<\/tr>\n<tr class=\"row-5\">\n\t<td class=\"column-1\">4<\/td><td class=\"column-2\"><a href=\"https:\/\/biblioteca.agustinosvalladolid.es\/cgi-bin\/koha\/opac-detail.pl?biblionumber=182737\" target=\"_blank\" rel=\"noopener\">182737<\/a><\/td><td class=\"column-3\">\u00c1ngel Moreno, de Buenafuente, \"Herida y anch\u00edsima soledad\" \/  (PPC, Madrid : 1996)<\/td>\n<\/tr>\n<tr class=\"row-6\">\n\t<td class=\"column-1\">5<\/td><td class=\"column-2\"><a href=\"https:\/\/biblioteca.agustinosvalladolid.es\/cgi-bin\/koha\/opac-detail.pl?biblionumber=182733\" target=\"_blank\" rel=\"noopener\">182733<\/a><\/td><td class=\"column-3\">Enrique Colom, Fe y raz\u00f3n : El nexo entre la fe y la ciencia \/ (Eunsa, Pamplona : 2021)<\/td>\n<\/tr>\n<tr class=\"row-7\">\n\t<td class=\"column-1\">6<\/td><td class=\"column-2\"><a href=\"https:\/\/biblioteca.agustinosvalladolid.es\/cgi-bin\/koha\/opac-detail.pl?biblionumber=182728\" target=\"_blank\" rel=\"noopener\">182728<\/a><\/td><td class=\"column-3\">Hartmut Rosa ; [traducci\u00f3n J\u00falia Ibarz ; correcci\u00f3n Marta Beltr\u00e1n Bah\u00f3n], Remedio a la aceleraci\u00f3n : Ensayos sobre la resonancia \/ (Ned ediciones, Barcelona : 2019)<\/td>\n<\/tr>\n<tr class=\"row-8\">\n\t<td class=\"column-1\">7<\/td><td class=\"column-2\"><a href=\"https:\/\/biblioteca.agustinosvalladolid.es\/cgi-bin\/koha\/opac-detail.pl?biblionumber=182727\" target=\"_blank\" rel=\"noopener\">182727<\/a><\/td><td class=\"column-3\">Hartmut Rosa ; Traducido por el Centro de Investigaciones Interdisciplinarias en Ciencias y Humanidades (CEIICH), Universidad Nacional Aut\u00f3noma de M\u00e9xico (UNAM) ; Revisi\u00f3n y notas de Estefan\u00eda D\u00e1vila y Maya Aguiluz Ibarg\u00fcen, Alienaci\u00f3n y aceleraci\u00f3n : Hacia una teor\u00eda cr\u00edtica de la temporalidad en la modernidad tard\u00eda \/ (Katz,  Madrid : 2016)<\/td>\n<\/tr>\n<tr class=\"row-9\">\n\t<td class=\"column-1\">8<\/td><td class=\"column-2\"><a href=\"https:\/\/biblioteca.agustinosvalladolid.es\/cgi-bin\/koha\/opac-detail.pl?biblionumber=182726\" target=\"_blank\" rel=\"noopener\">182726<\/a><\/td><td class=\"column-3\">Pierre Manent, Pascal et la proposition chr\u00e9tienne \/  (Grasset, Paris : 2022)<\/td>\n<\/tr>\n<tr class=\"row-10\">\n\t<td class=\"column-1\">9<\/td><td class=\"column-2\"><a href=\"https:\/\/biblioteca.agustinosvalladolid.es\/cgi-bin\/koha\/opac-detail.pl?biblionumber=182713\" target=\"_blank\" rel=\"noopener\">182713<\/a><\/td><td class=\"column-3\">Fran\u00e7ois de Chateaubriand ; presentaci\u00f3n de Marc Fumaroli ; pr\u00f3logo de Jean-Claude Berchet ; traducci\u00f3n del franc\u00e9s de Jos\u00e9 Ram\u00f3n Monreal, Memorias de ultratumba.  (Acantilado, Barcelona : 2016)<\/td>\n<\/tr>\n<tr class=\"row-11\">\n\t<td class=\"column-1\">10<\/td><td class=\"column-2\"><a href=\"https:\/\/biblioteca.agustinosvalladolid.es\/cgi-bin\/koha\/opac-detail.pl?biblionumber=182712\" target=\"_blank\" rel=\"noopener\">182712<\/a><\/td><td class=\"column-3\">Vizconde de Chateaubriand ; [traducci\u00f3n de Manuel M. Flamant] ; [introducci\u00f3n por Javier del Prado Biezma], El genio del cristianismo : bellezas de la religi\u00f3n cristiana \/ (El buey mudo, Madrid : 2010)<\/td>\n<\/tr>\n<tr class=\"row-12\">\n\t<td class=\"column-1\">11<\/td><td class=\"column-2\"><a href=\"https:\/\/biblioteca.agustinosvalladolid.es\/cgi-bin\/koha\/opac-detail.pl?biblionumber=182711\" target=\"_blank\" rel=\"noopener\">182711<\/a><\/td><td class=\"column-3\">Ren\u00e9 de Chateaubriand ; edici\u00f3n de Patricia Mart\u00ednez y Javier del Prado ; introducci\u00f3n general de Javier del Prado ; introducci\u00f3n a Atala de Patricia Mart\u00ednez ; Traducci\u00f3n y notas de Patricia Mart\u00ednez, Ren\u00e9. Atala \/  (C\u00e1tedra, Madrid : 2018)<\/td>\n<\/tr>\n<tr class=\"row-13\">\n\t<td class=\"column-1\">12<\/td><td class=\"column-2\"><a href=\"https:\/\/biblioteca.agustinosvalladolid.es\/cgi-bin\/koha\/opac-detail.pl?biblionumber=182707\" target=\"_blank\" rel=\"noopener\">182707<\/a><\/td><td class=\"column-3\">Jos\u00e9 Fern\u00e1ndez Moratiel ; edici\u00f3n a cargo de: La Escuela del Silencio ; Ilustraciones de: Carmen M\u00aa Hern\u00e1ndez, La alcoba del silencio \/  (Descl\u00e9e de Brouwer, Bilbao : 2007)<\/td>\n<\/tr>\n<tr class=\"row-14\">\n\t<td class=\"column-1\">13<\/td><td class=\"column-2\"><a href=\"https:\/\/biblioteca.agustinosvalladolid.es\/cgi-bin\/koha\/opac-detail.pl?biblionumber=182706\" target=\"_blank\" rel=\"noopener\">182706<\/a><\/td><td class=\"column-3\">No\u00e9 Exp\u00f3sito Ropero y Tom\u00e1s Domingo Moratalla (editores), Ortega y la fenomenolog\u00eda : Di\u00e1logos con Javier San Mart\u00edn \/ (Dykinson, Madrid : 2022)<\/td>\n<\/tr>\n<tr class=\"row-15\">\n\t<td class=\"column-1\">14<\/td><td class=\"column-2\"><a href=\"https:\/\/biblioteca.agustinosvalladolid.es\/cgi-bin\/koha\/opac-detail.pl?biblionumber=182693\" target=\"_blank\" rel=\"noopener\">182693<\/a><\/td><td class=\"column-3\">Philipp Melanchthon ; Herausgegeben und \u00fcbersetzt von Peter Litwan und Sven Grosse unter Mitarbeit von Florence Becher-H\u00e4usermann ; Mit einem Geleitwort von Landesbischof Carsten Rentzing, Loci praecipui theologici nunc denuo cura et diligentia summa recogniti multisque in locis copiose illustrati 1559 \/  (Evangelische Verlagsanstalt, Leipzig : 2018-2020)<\/td>\n<\/tr>\n<tr class=\"row-16\">\n\t<td class=\"column-1\">15<\/td><td class=\"column-2\"><a href=\"https:\/\/biblioteca.agustinosvalladolid.es\/cgi-bin\/koha\/opac-detail.pl?biblionumber=182691\" target=\"_blank\" rel=\"noopener\">182691<\/a><\/td><td class=\"column-3\">Henning Wrogemann, Religionswissenschaft und Interkulturelle Theologie \/  (Evangelische Verlagsanstalt, Leipzig : 2020)<\/td>\n<\/tr>\n<tr class=\"row-17\">\n\t<td class=\"column-1\">16<\/td><td class=\"column-2\"><a href=\"https:\/\/biblioteca.agustinosvalladolid.es\/cgi-bin\/koha\/opac-detail.pl?biblionumber=182690\" target=\"_blank\" rel=\"noopener\">182690<\/a><\/td><td class=\"column-3\">Rochus Leonhardt, Ethik \/  (Evangelische Verlagsanstalt, Leipzig : 2019)<\/td>\n<\/tr>\n<tr class=\"row-18\">\n\t<td class=\"column-1\">17<\/td><td class=\"column-2\"><a href=\"https:\/\/biblioteca.agustinosvalladolid.es\/cgi-bin\/koha\/opac-detail.pl?biblionumber=182689\" target=\"_blank\" rel=\"noopener\">182689<\/a><\/td><td class=\"column-3\">Isolde Karle, Praktische Theologie \/  (Evangelische Verlagsanstalt, Leipzig : 2021)<\/td>\n<\/tr>\n<tr class=\"row-19\">\n\t<td class=\"column-1\">18<\/td><td class=\"column-2\"><a href=\"https:\/\/biblioteca.agustinosvalladolid.es\/cgi-bin\/koha\/opac-detail.pl?biblionumber=182688\" target=\"_blank\" rel=\"noopener\">182688<\/a><\/td><td class=\"column-3\">Michael Domsgen, Religionsp\u00e4dagogik \/  (Evangelische Verlagsanstalt, Leipzig : 2019)<\/td>\n<\/tr>\n<tr class=\"row-20\">\n\t<td class=\"column-1\">19<\/td><td class=\"column-2\"><a href=\"https:\/\/biblioteca.agustinosvalladolid.es\/cgi-bin\/koha\/opac-detail.pl?biblionumber=182687\" target=\"_blank\" rel=\"noopener\">182687<\/a><\/td><td class=\"column-3\">\u00d3scar Jim\u00e9nez Torres, Comentario a la Metaphysica de Arist\u00f3teles : Exposici\u00f3n anal\u00edtica de la Metaphysicia, y metaf\u00edsica de los Analytica: G\u00e9nero-sujeto, principios y afecciones de la filosof\u00eda primera \/ (Eunsa, Pamplona : 2017)<\/td>\n<\/tr>\n<tr class=\"row-21\">\n\t<td class=\"column-1\">20<\/td><td class=\"column-2\"><a href=\"https:\/\/biblioteca.agustinosvalladolid.es\/cgi-bin\/koha\/opac-detail.pl?biblionumber=182686\" target=\"_blank\" rel=\"noopener\">182686<\/a><\/td><td class=\"column-3\">Juan Fernando Sell\u00e9s, El intelecto agente y los fil\u00f3sofos : Venturas y desventuras del supremo hallazgo aristot\u00e9lico sobre el hombre. (Eunsa, Pamplona : 2017)<\/td>\n<\/tr>\n<tr class=\"row-22\">\n\t<td class=\"column-1\">21<\/td><td class=\"column-2\"><a href=\"https:\/\/biblioteca.agustinosvalladolid.es\/cgi-bin\/koha\/opac-detail.pl?biblionumber=182685\" target=\"_blank\" rel=\"noopener\">182685<\/a><\/td><td class=\"column-3\">Luiz Augusto de Oliveira Astorga, El intelecto de la sustancia separada: su perfecci\u00f3n y unidad seg\u00fan Tom\u00e1s de Aquino \/  (Eunsa, Pamplona : 2016)<\/td>\n<\/tr>\n<tr class=\"row-23\">\n\t<td class=\"column-1\">22<\/td><td class=\"column-2\"><a href=\"https:\/\/biblioteca.agustinosvalladolid.es\/cgi-bin\/koha\/opac-detail.pl?biblionumber=182684\" target=\"_blank\" rel=\"noopener\">182684<\/a><\/td><td class=\"column-3\">\u00d3scar Jim\u00e9nez Torres, Comentario a la Politica de Arist\u00f3teles : G\u00e9nero-sujeto, principios y afecciones de la filosof\u00eda pol\u00edtica \/ (Eunsa, Pamplona : 2018)<\/td>\n<\/tr>\n<tr class=\"row-24\">\n\t<td class=\"column-1\">23<\/td><td class=\"column-2\"><a href=\"https:\/\/biblioteca.agustinosvalladolid.es\/cgi-bin\/koha\/opac-detail.pl?biblionumber=182683\" target=\"_blank\" rel=\"noopener\">182683<\/a><\/td><td class=\"column-3\">Wolfgang Forster, La invenci\u00f3n del juicio de quiebra. Francisco Salgado de Somoza (1591-1665) \/  (Eunsa, Pamplona : 2017)<\/td>\n<\/tr>\n<tr class=\"row-25\">\n\t<td class=\"column-1\">24<\/td><td class=\"column-2\"><a href=\"https:\/\/biblioteca.agustinosvalladolid.es\/cgi-bin\/koha\/opac-detail.pl?biblionumber=182682\" target=\"_blank\" rel=\"noopener\">182682<\/a><\/td><td class=\"column-3\">\u00d3scar Jim\u00e9nez Torres, Comentario a la Ethica Nicomachea de Arist\u00f3teles : G\u00e9nero-sujeto, principios y afecciones de la filosof\u00eda pol\u00edtica \/ (Eunsa, Pamplona : 2018)<\/td>\n<\/tr>\n<tr class=\"row-26\">\n\t<td class=\"column-1\">25<\/td><td class=\"column-2\"><a href=\"https:\/\/biblioteca.agustinosvalladolid.es\/cgi-bin\/koha\/opac-detail.pl?biblionumber=182678\" target=\"_blank\" rel=\"noopener\">182678<\/a><\/td><td class=\"column-3\">Georg Wilhelm Friedrich Hegel ; Herausgegeben von Niklas Hebing (Bd. 28,1) ; Hrsg. von Niklas Hebing und Walter Jaeschke (Bd. 28,2-3) ; Hrsg. von Bernadette Collenberg-Plotnikov (Bd. 28,4), Gesammelte Werke.  (Felix Meiner, Hamburg : 2015-2023)<\/td>\n<\/tr>\n<tr class=\"row-27\">\n\t<td class=\"column-1\">26<\/td><td class=\"column-2\"><a href=\"https:\/\/biblioteca.agustinosvalladolid.es\/cgi-bin\/koha\/opac-detail.pl?biblionumber=182677\" target=\"_blank\" rel=\"noopener\">182677<\/a><\/td><td class=\"column-3\">Georg Wilhelm Friedrich Hegel ; Herausgegeben von Klaus Grotsch, Gesammelte Werke.  (Felix Meiner,  Hamburg :  2016-2023)<\/td>\n<\/tr>\n<tr class=\"row-28\">\n\t<td class=\"column-1\">27<\/td><td class=\"column-2\"><a href=\"https:\/\/biblioteca.agustinosvalladolid.es\/cgi-bin\/koha\/opac-detail.pl?biblionumber=182676\" target=\"_blank\" rel=\"noopener\">182676<\/a><\/td><td class=\"column-3\">Rodrigo Polanco ; pr\u00f3logo de \u00c1ngel Cordovilla P\u00e9rez, Hans Urs von Balthasar.  (Encuentro, Madrid : 2021)<\/td>\n<\/tr>\n<tr class=\"row-29\">\n\t<td class=\"column-1\">28<\/td><td class=\"column-2\"><a href=\"https:\/\/biblioteca.agustinosvalladolid.es\/cgi-bin\/koha\/opac-detail.pl?biblionumber=182669\" target=\"_blank\" rel=\"noopener\">182669<\/a><\/td><td class=\"column-3\">Emmanuel Mounier, Diarios de un detenido \/   (Fundaci\u00f3n Emmanuel Mounier, Madrid : 2022)<\/td>\n<\/tr>\n<tr class=\"row-30\">\n\t<td class=\"column-1\">29<\/td><td class=\"column-2\"><a href=\"https:\/\/biblioteca.agustinosvalladolid.es\/cgi-bin\/koha\/opac-detail.pl?biblionumber=182668\" target=\"_blank\" rel=\"noopener\">182668<\/a><\/td><td class=\"column-3\">C\u00e9sar Gonz\u00e1lez M\u00ednguez, Identidad y memoria en la Villa Palentina de Due\u00f1as (siglos XV-XVI) \/  (Instituci\u00f3n Tello T\u00e9llez de Meneses, Palencia : 2022)<\/td>\n<\/tr>\n<tr class=\"row-31\">\n\t<td class=\"column-1\">30<\/td><td class=\"column-2\"><a href=\"https:\/\/biblioteca.agustinosvalladolid.es\/cgi-bin\/koha\/opac-detail.pl?biblionumber=182667\" target=\"_blank\" rel=\"noopener\">182667<\/a><\/td><td class=\"column-3\">Michael Seewald ; traducci\u00f3n, Jos\u00e9 Manuel Lozano-Gotor, El dogma en evoluci\u00f3n : c\u00f3mo se desarrollan las doctrinas de fe \/ (Sal Terrae, Malia\u00f1o : 2020)<\/td>\n<\/tr>\n<tr class=\"row-32\">\n\t<td class=\"column-1\">31<\/td><td class=\"column-2\"><a href=\"https:\/\/biblioteca.agustinosvalladolid.es\/cgi-bin\/koha\/opac-detail.pl?biblionumber=182516\" target=\"_blank\" rel=\"noopener\">182516<\/a><\/td><td class=\"column-3\">Fernando Urbina ; pr\u00f3logo de Jos\u00e9 Mar\u00eda Avenda\u00f1o, Comentario a \u201cNoche oscura del esp\u00edritu\" y \"Subida al monte Carmelo\", de san Juan de la Cruz \/  (PPC, Boadilla del Monte, Madrid : 2013)<\/td>\n<\/tr>\n<tr class=\"row-33\">\n\t<td class=\"column-1\">32<\/td><td class=\"column-2\"><a href=\"https:\/\/biblioteca.agustinosvalladolid.es\/cgi-bin\/koha\/opac-detail.pl?biblionumber=182501\" target=\"_blank\" rel=\"noopener\">182501<\/a><\/td><td class=\"column-3\">Giuseppe Biancardi, Ubaldo Gianetto, Storia della catechesi.  (LAS, Roma : 2016)<\/td>\n<\/tr>\n<tr class=\"row-34\">\n\t<td class=\"column-1\">33<\/td><td class=\"column-2\"><a href=\"https:\/\/biblioteca.agustinosvalladolid.es\/cgi-bin\/koha\/opac-detail.pl?biblionumber=182500\" target=\"_blank\" rel=\"noopener\">182500<\/a><\/td><td class=\"column-3\">Pietro Braido, Storia della catechesi.  (LAS, Roma : 2015)<\/td>\n<\/tr>\n<tr class=\"row-35\">\n\t<td class=\"column-1\">34<\/td><td class=\"column-2\"><a href=\"https:\/\/biblioteca.agustinosvalladolid.es\/cgi-bin\/koha\/opac-detail.pl?biblionumber=182499\" target=\"_blank\" rel=\"noopener\">182499<\/a><\/td><td class=\"column-3\">a cura di Gabriella Zarri ; Giovanni Filoramo (ed.)., Storia della direzione spirituale.  (Morcelliana, Brescia : 2008)<\/td>\n<\/tr>\n<tr class=\"row-36\">\n\t<td class=\"column-1\">35<\/td><td class=\"column-2\"><a href=\"https:\/\/biblioteca.agustinosvalladolid.es\/cgi-bin\/koha\/opac-detail.pl?biblionumber=182479\" target=\"_blank\" rel=\"noopener\">182479<\/a><\/td><td class=\"column-3\">Santiago Mu\u00f1oz Machado, Cervantes \/  (  )<\/td>\n<\/tr>\n<tr class=\"row-37\">\n\t<td class=\"column-1\">36<\/td><td class=\"column-2\"><a href=\"https:\/\/biblioteca.agustinosvalladolid.es\/cgi-bin\/koha\/opac-detail.pl?biblionumber=182463\" target=\"_blank\" rel=\"noopener\">182463<\/a><\/td><td class=\"column-3\">codirectores Jes\u00fas Yusta Sainz, Juana S\u00e1nchez-Gey Venegas, Diccionario de fil\u00f3sofos espa\u00f1oles : siglo XX \/ (Monte Carmelo, Burgos : 2015)<\/td>\n<\/tr>\n<tr class=\"row-38\">\n\t<td class=\"column-1\">37<\/td><td class=\"column-2\"><a href=\"https:\/\/biblioteca.agustinosvalladolid.es\/cgi-bin\/koha\/opac-detail.pl?biblionumber=182459\" target=\"_blank\" rel=\"noopener\">182459<\/a><\/td><td class=\"column-3\">Fco. Javier Sancho Ferm\u00edn y R\u00f3mulo Cuartas Londo\u00f1o, Dir., Epistolario y escritos breves de San Juan de la Cruz : Actas del V Congreso Mundial Sanjuanista (\u00c1vila, 30 de agosto - 5 de septiembre de 2021) \/ (Fonte, Monte Carmelo, Burgos : 2022)<\/td>\n<\/tr>\n<tr class=\"row-39\">\n\t<td class=\"column-1\">38<\/td><td class=\"column-2\"><a href=\"https:\/\/biblioteca.agustinosvalladolid.es\/cgi-bin\/koha\/opac-detail.pl?biblionumber=182425\" target=\"_blank\" rel=\"noopener\">182425<\/a><\/td><td class=\"column-3\">Santa Margarita Mar\u00eda de Alacoque ; edici\u00f3n preparada y traducida del franc\u00e9s por Pablo Cervera Barranco ; edici\u00f3n revisada y corregida por las Hermanas del primer monasterio de la Visitaci\u00f3n de Santa Mar\u00eda de Madrid, Obras completas \/  (Fonte, Monte Carmelo, Burgos : 2022)<\/td>\n<\/tr>\n<tr class=\"row-40\">\n\t<td class=\"column-1\">39<\/td><td class=\"column-2\"><a href=\"https:\/\/biblioteca.agustinosvalladolid.es\/cgi-bin\/koha\/opac-detail.pl?biblionumber=182422\" target=\"_blank\" rel=\"noopener\">182422<\/a><\/td><td class=\"column-3\">San Bernardo ; Introducci\u00f3n Jean Leclercq ; traducci\u00f3n I\u00f1aki Aranguren y Mariano Ballano, Comentario al Cantar de los Cantares \/  (Fonte, Monte Carmelo Burgos : 2022)<\/td>\n<\/tr>\n<tr class=\"row-41\">\n\t<td class=\"column-1\">40<\/td><td class=\"column-2\"><a href=\"https:\/\/biblioteca.agustinosvalladolid.es\/cgi-bin\/koha\/opac-detail.pl?biblionumber=182418\" target=\"_blank\" rel=\"noopener\">182418<\/a><\/td><td class=\"column-3\">Domingo B\u00e1\u00f1ez ; introducci\u00f3n, traducci\u00f3n y notas de David Torrijos Castrillejo ; pr\u00f3logo de Jos\u00e9 \u00c1ngel Garc\u00eda Cuadrado, Predestinaci\u00f3n y libertad : Escritos en torno a la controversia De auxiliis \/ (Eunsa, Pamplona : 2021)<\/td>\n<\/tr>\n<tr class=\"row-42\">\n\t<td class=\"column-1\">41<\/td><td class=\"column-2\"><a href=\"https:\/\/biblioteca.agustinosvalladolid.es\/cgi-bin\/koha\/opac-detail.pl?biblionumber=182417\" target=\"_blank\" rel=\"noopener\">182417<\/a><\/td><td class=\"column-3\">Juan Eduardo Carre\u00f1o Pavez, Vivere viventibus est esse : El vivir como perfecci\u00f3n del ser en la obra de Tom\u00e1s de Aquino \/ (Eunsa, Pamplona : 2020)<\/td>\n<\/tr>\n<tr class=\"row-43\">\n\t<td class=\"column-1\">42<\/td><td class=\"column-2\"><a href=\"https:\/\/biblioteca.agustinosvalladolid.es\/cgi-bin\/koha\/opac-detail.pl?biblionumber=182416\" target=\"_blank\" rel=\"noopener\">182416<\/a><\/td><td class=\"column-3\">Javier Garc\u00eda-Vali\u00f1o Ab\u00f3s, La g\u00e9nesis del concepto de voluntad en Occidente : Un estudio desde las fuentes griegas y cristianas de Tom\u00e1s de Aquino \/ (Eunsa, Pamplona : 2019)<\/td>\n<\/tr>\n<tr class=\"row-44\">\n\t<td class=\"column-1\">43<\/td><td class=\"column-2\"><a href=\"https:\/\/biblioteca.agustinosvalladolid.es\/cgi-bin\/koha\/opac-detail.pl?biblionumber=182415\" target=\"_blank\" rel=\"noopener\">182415<\/a><\/td><td class=\"column-3\">estudio y traducci\u00f3n, Celia L\u00f3pez Alcalde, El nuevo libro del alma racional de Ramon Llull \/  (Eunsa, Pamplona : 2019)<\/td>\n<\/tr>\n<tr class=\"row-45\">\n\t<td class=\"column-1\">44<\/td><td class=\"column-2\"><a href=\"https:\/\/biblioteca.agustinosvalladolid.es\/cgi-bin\/koha\/opac-detail.pl?biblionumber=182414\" target=\"_blank\" rel=\"noopener\">182414<\/a><\/td><td class=\"column-3\">Adelardo de Bath ; traducci\u00f3n (a partir de la edici\u00f3n latina de Charles Burnett) Jos\u00e9 Luis Cant\u00f3n Alonso ; estudio introductorio y notas Pedro Mantas Espa\u00f1a, Cuestiones naturales \/  (Eunsa,  Pamplona : 2019)<\/td>\n<\/tr>\n<tr class=\"row-46\">\n\t<td class=\"column-1\">45<\/td><td class=\"column-2\"><a href=\"https:\/\/biblioteca.agustinosvalladolid.es\/cgi-bin\/koha\/opac-detail.pl?biblionumber=182413\" target=\"_blank\" rel=\"noopener\">182413<\/a><\/td><td class=\"column-3\">Virginia Aspe Armella (ed.) , Tom\u00e1s Moro y Vasco de Quiroga : Utop\u00edas en Am\u00e9rica \/ (Eunsa, Pamplona : 2018)<\/td>\n<\/tr>\n<\/tbody>\n<\/table>\n<!-- #tablepress-9 from cache -->\n","protected":false},"excerpt":{"rendered":"<p>26 de junio de 2023<\/p>\n","protected":false},"author":1,"featured_media":0,"comment_status":"open","ping_status":"closed","sticky":false,"template":"","format":"standard","meta":{"footnotes":""},"categories":[14],"tags":[11],"class_list":["post-316","post","type-post","status-publish","format-standard","hentry","category-novedades-en-libros","tag-teologia-fundamental","entry"],"_links":{"self":[{"href":"https:\/\/bibliotecario.agustinosvalladolid.es\/index.php\/wp-json\/wp\/v2\/posts\/316","targetHints":{"allow":["GET"]}}],"collection":[{"href":"https:\/\/bibliotecario.agustinosvalladolid.es\/index.php\/wp-json\/wp\/v2\/posts"}],"about":[{"href":"https:\/\/bibliotecario.agustinosvalladolid.es\/index.php\/wp-json\/wp\/v2\/types\/post"}],"author":[{"embeddable":true,"href":"https:\/\/bibliotecario.agustinosvalladolid.es\/index.php\/wp-json\/wp\/v2\/users\/1"}],"replies":[{"embeddable":true,"href":"https:\/\/bibliotecario.agustinosvalladolid.es\/index.php\/wp-json\/wp\/v2\/comments?post=316"}],"version-history":[{"count":9,"href":"https:\/\/bibliotecario.agustinosvalladolid.es\/index.php\/wp-json\/wp\/v2\/posts\/316\/revisions"}],"predecessor-version":[{"id":327,"href":"https:\/\/bibliotecario.agustinosvalladolid.es\/index.php\/wp-json\/wp\/v2\/posts\/316\/revisions\/327"}],"wp:attachment":[{"href":"https:\/\/bibliotecario.agustinosvalladolid.es\/index.php\/wp-json\/wp\/v2\/media?parent=316"}],"wp:term":[{"taxonomy":"category","embeddable":true,"href":"https:\/\/bibliotecario.agustinosvalladolid.es\/index.php\/wp-json\/wp\/v2\/categories?post=316"},{"taxonomy":"post_tag","embeddable":true,"href":"https:\/\/bibliotecario.agustinosvalladolid.es\/index.php\/wp-json\/wp\/v2\/tags?post=316"}],"curies":[{"name":"wp","href":"https:\/\/api.w.org\/{rel}","templated":true}]}}