{"id":288,"date":"2023-06-25T10:09:13","date_gmt":"2023-06-25T08:09:13","guid":{"rendered":"https:\/\/bibliotecario.agustinosvalladolid.es\/?p=288"},"modified":"2023-06-25T10:55:08","modified_gmt":"2023-06-25T08:55:08","slug":"nuevos-articulos-de-revista-3","status":"publish","type":"post","link":"https:\/\/bibliotecario.agustinosvalladolid.es\/index.php\/2023\/06\/25\/nuevos-articulos-de-revista-3\/","title":{"rendered":"Nuevos art\u00edculos de revista (3)"},"content":{"rendered":"\n<h2 class=\"wp-block-heading\">25 de junio de 2023<\/h2>\n\n\n\n<!--more-->\n\n\n<span id=\"tablepress-8-description\" class=\"tablepress-table-description tablepress-table-description-id-8\">Art\u00edculos de revista incorporados al fichero.<\/span>\n\n<table id=\"tablepress-8\" class=\"tablepress tablepress-id-8\" aria-describedby=\"tablepress-8-description\">\n<thead>\n<tr class=\"row-1\">\n\t<td class=\"column-1\"><\/td><th class=\"column-2\">Registro<\/th><th class=\"column-3\">Ficha<\/th>\n<\/tr>\n<\/thead>\n<tbody class=\"row-striping row-hover\">\n<tr class=\"row-2\">\n\t<td class=\"column-1\">1<\/td><td class=\"column-2\"><a href=\"https:\/\/biblioteca.agustinosvalladolid.es\/cgi-bin\/koha\/opac-detail.pl?biblionumber=182854\" target=\"_blank\" rel=\"noopener\">182854<\/a><\/td><td class=\"column-3\">, Le concept de philosophie comme probl\u00e8me de la philosophie \/ Ernst Cassirer ; traduit de l'allemand par R\u00e9mi Carouge et Louis PichotPublicado en Revue de M\u00e9taphysique et de Morale n. 1 (2023) 93-102<\/td>\n<\/tr>\n<tr class=\"row-3\">\n\t<td class=\"column-1\">2<\/td><td class=\"column-2\"><a href=\"https:\/\/biblioteca.agustinosvalladolid.es\/cgi-bin\/koha\/opac-detail.pl?biblionumber=182853\" target=\"_blank\" rel=\"noopener\">182853<\/a><\/td><td class=\"column-3\">J\u00f6rg Lauster, Tendenze e sviluppi della teologia contemporanea in Germania \/ Publicado en Teologia 47:4 (2022) 665-682<\/td>\n<\/tr>\n<tr class=\"row-4\">\n\t<td class=\"column-1\">3<\/td><td class=\"column-2\"><a href=\"https:\/\/biblioteca.agustinosvalladolid.es\/cgi-bin\/koha\/opac-detail.pl?biblionumber=182852\" target=\"_blank\" rel=\"noopener\">182852<\/a><br \/>\n<\/td><td class=\"column-3\">Guido Vanheeswijck, La relaci\u00f3n entre el cristianismo y la secularizaci\u00f3n en la era postmoderna \/ Publicado en Sinite 64:192 (2023) 11-29<\/td>\n<\/tr>\n<tr class=\"row-5\">\n\t<td class=\"column-1\">4<br \/>\n<\/td><td class=\"column-2\"><a href=\"https:\/\/biblioteca.agustinosvalladolid.es\/cgi-bin\/koha\/opac-detail.pl?biblionumber=182851\" target=\"_blank\" rel=\"noopener\">182851<\/a><\/td><td class=\"column-3\">Hyoseok Kim, Augustine's biblical hermeneutics: its three characteristics and significance for today \/ Publicado en The Expository Times 134:3 (2022-2023) 97-114<\/td>\n<\/tr>\n<tr class=\"row-6\">\n\t<td class=\"column-1\">5<\/td><td class=\"column-2\"><a href=\"https:\/\/biblioteca.agustinosvalladolid.es\/cgi-bin\/koha\/opac-detail.pl?biblionumber=182850\" target=\"_blank\" rel=\"noopener\">182850<\/a><\/td><td class=\"column-3\">Gerald Glynn O'Collins, Believing as verbal in John's Gospel \/ Publicado en The Expository Times 134:9 (2022-2023) 399-408<\/td>\n<\/tr>\n<tr class=\"row-7\">\n\t<td class=\"column-1\">6<\/td><td class=\"column-2\"><a href=\"https:\/\/biblioteca.agustinosvalladolid.es\/cgi-bin\/koha\/opac-detail.pl?biblionumber=182849\" target=\"_blank\" rel=\"noopener\">182849<\/a><\/td><td class=\"column-3\">Gerd Theissen, Credo kontrovers : Eine dialogische Auslegung des Apostolikums \/Publicado en Evangelische Theologie 82:4 (2022) 297-314<\/td>\n<\/tr>\n<tr class=\"row-8\">\n\t<td class=\"column-1\">7<\/td><td class=\"column-2\"><a href=\"https:\/\/biblioteca.agustinosvalladolid.es\/cgi-bin\/koha\/opac-detail.pl?biblionumber=182848\" target=\"_blank\" rel=\"noopener\">182848<\/a><\/td><td class=\"column-3\">Ferenc Herzig,  Kirche klein denken : Poststrukturalistische Impulse f\u00fcr die Kirchentheorie \/Publicado en Evangelische Theologie 82:4 (2022) 245-255<\/td>\n<\/tr>\n<tr class=\"row-9\">\n\t<td class=\"column-1\">8<\/td><td class=\"column-2\"><a href=\"https:\/\/biblioteca.agustinosvalladolid.es\/cgi-bin\/koha\/opac-detail.pl?biblionumber=182824\" target=\"_blank\" rel=\"noopener\">182824<\/a><\/td><td class=\"column-3\">Kokou Mawuena Ambroise Atakpa, Sandra Mazzolini et alii, Sinodalit\u00e0 in contesto : Focus \/Publicado en Urbaniana University Journal Euntes Docete 76:1 (2023) 11-127<\/td>\n<\/tr>\n<tr class=\"row-10\">\n\t<td class=\"column-1\">9<\/td><td class=\"column-2\"><a href=\"https:\/\/biblioteca.agustinosvalladolid.es\/cgi-bin\/koha\/opac-detail.pl?biblionumber=182823\" target=\"_blank\" rel=\"noopener\">182823<\/a><\/td><td class=\"column-3\">Katy Barasc et alii, Simone Weil et Mar\u00eda Zambrano : Parcours de lectures et d'ecritures \/Publicado en Cahiers Simone Weil 46:1 (2023) 1-90<\/td>\n<\/tr>\n<tr class=\"row-11\">\n\t<td class=\"column-1\">10<\/td><td class=\"column-2\"><a href=\"https:\/\/biblioteca.agustinosvalladolid.es\/cgi-bin\/koha\/opac-detail.pl?biblionumber=182822\" target=\"_blank\" rel=\"noopener\">182822<\/a><\/td><td class=\"column-3\">Susana Nuin N\u00fa\u00f1ez et alii, Planificaci\u00f3n pastoral participativa : aporte a la Iglesia y sociedad latinoamericana y del Caribe. Un homenaje a \u00d3scar Urriago \/Publicado en Medell\u00edn 48:184 (2022) 178-431<\/td>\n<\/tr>\n<tr class=\"row-12\">\n\t<td class=\"column-1\">11<\/td><td class=\"column-2\"><a href=\"https:\/\/biblioteca.agustinosvalladolid.es\/cgi-bin\/koha\/opac-detail.pl?biblionumber=182820\" target=\"_blank\" rel=\"noopener\">182820<\/a><\/td><td class=\"column-3\">Jaazeal Jakosalem, Christological icons of struggle in Negros island \/ Publicado en May\u00e9utica 48:105 (2022) 41-58<\/td>\n<\/tr>\n<tr class=\"row-13\">\n\t<td class=\"column-1\">12<\/td><td class=\"column-2\"><a href=\"https:\/\/biblioteca.agustinosvalladolid.es\/cgi-bin\/koha\/opac-detail.pl?biblionumber=182819\" target=\"_blank\" rel=\"noopener\">182819<\/a><\/td><td class=\"column-3\">Enrique A. Eguiarte B., El sacerdocio como configuraci\u00f3n con Cristo, seg\u00fan san Agust\u00edn \/ Publicado en May\u00e9utica 47:104 (2021) 295-326<\/td>\n<\/tr>\n<tr class=\"row-14\">\n\t<td class=\"column-1\">13<\/td><td class=\"column-2\"><a href=\"https:\/\/biblioteca.agustinosvalladolid.es\/cgi-bin\/koha\/opac-detail.pl?biblionumber=182776\" target=\"_blank\" rel=\"noopener\">182776<\/a><\/td><td class=\"column-3\">Danilo Jos\u00e9 Janegitz, Formar o cora\u00e7\u00e3o. Elementos da logoterapia e an\u00e1lise existencial aplicados \u00e0 forma\u00e7\u00e3o presbiteral e religiosa \/ Publicado en May\u00e9utica 48:105 (2022) 111-124<\/td>\n<\/tr>\n<tr class=\"row-15\">\n\t<td class=\"column-1\">14<\/td><td class=\"column-2\"><a href=\"https:\/\/biblioteca.agustinosvalladolid.es\/cgi-bin\/koha\/opac-detail.pl?biblionumber=182775\" target=\"_blank\" rel=\"noopener\">182775<\/a><\/td><td class=\"column-3\">Enrique A. Eguiarte B., El sacerdocio en san Agust\u00edn: communio y confessio \/ Publicado en May\u00e9utica 48:105 (2022) 59-92<\/td>\n<\/tr>\n<tr class=\"row-16\">\n\t<td class=\"column-1\">15<\/td><td class=\"column-2\"><a href=\"https:\/\/biblioteca.agustinosvalladolid.es\/cgi-bin\/koha\/opac-detail.pl?biblionumber=182774\" target=\"_blank\" rel=\"noopener\">182774<\/a><\/td><td class=\"column-3\">Enrique A. Eguiarte B., Ecology in De Genesi ad litteram libri XII \/ Publicado en May\u00e9utica 48:105 (2022) 145-188<\/td>\n<\/tr>\n<tr class=\"row-17\">\n\t<td class=\"column-1\">16<\/td><td class=\"column-2\"><a href=\"https:\/\/biblioteca.agustinosvalladolid.es\/cgi-bin\/koha\/opac-detail.pl?biblionumber=182773\" target=\"_blank\" rel=\"noopener\">182773<\/a><\/td><td class=\"column-3\">Narciso-Jes\u00fas Lorenzo Leal, Fundamento cristol\u00f3gico de la ritualidad sacerdotal \/ Publicado en Liturgia y espiritualidad 54:3 (2023) 147-160<\/td>\n<\/tr>\n<tr class=\"row-18\">\n\t<td class=\"column-1\">17<\/td><td class=\"column-2\"><a href=\"https:\/\/biblioteca.agustinosvalladolid.es\/cgi-bin\/koha\/opac-detail.pl?biblionumber=182772\" target=\"_blank\" rel=\"noopener\">182772<\/a><\/td><td class=\"column-3\">Francisco Javier Mart\u00ednez P\u00e9rez, La secularizaci\u00f3n seg\u00fan Charles Taylor. Propuestas para un tiempo de s\u00edntesis que reubica el papel de la religi\u00f3n en la esfera p\u00fablica \/ Publicado en Salmanticensis 70:1 (2023) 97-177<\/td>\n<\/tr>\n<tr class=\"row-19\">\n\t<td class=\"column-1\">18<\/td><td class=\"column-2\"><a href=\"https:\/\/biblioteca.agustinosvalladolid.es\/cgi-bin\/koha\/opac-detail.pl?biblionumber=182771\" target=\"_blank\" rel=\"noopener\">182771<\/a><\/td><td class=\"column-3\">Narciso-Jes\u00fas Lorenzo Leal, La oraci\u00f3n sobre las ofrendas de los domingos de Adviento : consideraciones \/Publicado en Liturgia y espiritualidad 53:11 (2022) 553-557<\/td>\n<\/tr>\n<tr class=\"row-20\">\n\t<td class=\"column-1\">19<\/td><td class=\"column-2\"><a href=\"https:\/\/biblioteca.agustinosvalladolid.es\/cgi-bin\/koha\/opac-detail.pl?biblionumber=182770\" target=\"_blank\" rel=\"noopener\">182770<\/a><\/td><td class=\"column-3\">Narciso-Jes\u00fas Lorenzo Leal, \"Un c\u00e1ntico nuevo para el Se\u00f1or\". El car\u00e1cter salv\u00edfico del canto y de la m\u00fasica lit\u00fargica \/ Publicado en Liturgia y espiritualidad 54:4 (2023) 199-206<\/td>\n<\/tr>\n<tr class=\"row-21\">\n\t<td class=\"column-1\">20<\/td><td class=\"column-2\"><a href=\"https:\/\/biblioteca.agustinosvalladolid.es\/cgi-bin\/koha\/opac-detail.pl?biblionumber=182769\" target=\"_blank\" rel=\"noopener\">182769<\/a><\/td><td class=\"column-3\">Miguel de Salis et alii, La sinodalit\u00e0 della Chiesa \/ Publicado en Annales Theologici 36:2 (2022) 277-517<\/td>\n<\/tr>\n<tr class=\"row-22\">\n\t<td class=\"column-1\">21<\/td><td class=\"column-2\"><a href=\"https:\/\/biblioteca.agustinosvalladolid.es\/cgi-bin\/koha\/opac-detail.pl?biblionumber=182768\" target=\"_blank\" rel=\"noopener\">182768<\/a><\/td><td class=\"column-3\">Antonio Castellano, L'unit\u00e0 del De principiis di Origene \/ Publicado en Salesianum 85:1 (2023) 169-182<\/td>\n<\/tr>\n<tr class=\"row-23\">\n\t<td class=\"column-1\">22<\/td><td class=\"column-2\"><a href=\"https:\/\/biblioteca.agustinosvalladolid.es\/cgi-bin\/koha\/opac-detail.pl?biblionumber=182767\" target=\"_blank\" rel=\"noopener\">182767<\/a><\/td><td class=\"column-3\">Maria Clara Bingemer e Lu\u00eds Gabriel Provinciatto (Orgs.), Hermen\u00eauticas do feminino: ecos na\/da Casa Comum \/ Publicado en Ephata 4:2 (2022) 7-255<\/td>\n<\/tr>\n<tr class=\"row-24\">\n\t<td class=\"column-1\">23<\/td><td class=\"column-2\"><a href=\"https:\/\/biblioteca.agustinosvalladolid.es\/cgi-bin\/koha\/opac-detail.pl?biblionumber=182766\" target=\"_blank\" rel=\"noopener\">182766<\/a><\/td><td class=\"column-3\">Isabel Varanda e Fabien Revol (Orgs.), Sobre a casa comum em ecologia integral. Perspetiva interdisciplinar e ecum\u00e9nica \/ Publicado en Ephata 4:1 (2022) 7-304<\/td>\n<\/tr>\n<tr class=\"row-25\">\n\t<td class=\"column-1\">24<\/td><td class=\"column-2\"><a href=\"https:\/\/biblioteca.agustinosvalladolid.es\/cgi-bin\/koha\/opac-detail.pl?biblionumber=182765\" target=\"_blank\" rel=\"noopener\">182765<\/a><\/td><td class=\"column-3\">Patrick C. Goujon et alii, La conversion \u00e9cologique en question : Actes du 28e colloque des RSR (Paris, 17-19 Novembre 2022) \/Publicado en Recherches de Science Religieuse 111:2 (2023) 193-400<\/td>\n<\/tr>\n<tr class=\"row-26\">\n\t<td class=\"column-1\">25<\/td><td class=\"column-2\"><a href=\"https:\/\/biblioteca.agustinosvalladolid.es\/cgi-bin\/koha\/opac-detail.pl?biblionumber=182764\" target=\"_blank\" rel=\"noopener\">182764<\/a><\/td><td class=\"column-3\">Jean-Baptiste Vuillerod et alii, Spinoza r\u00e9volutionnaire? La lecture de Gilles Deleuze \/ Publicado en Archives de Philosophie 84:3 (2021) 5-94<\/td>\n<\/tr>\n<tr class=\"row-27\">\n\t<td class=\"column-1\">26<\/td><td class=\"column-2\"><a href=\"https:\/\/biblioteca.agustinosvalladolid.es\/cgi-bin\/koha\/opac-detail.pl?biblionumber=182763\" target=\"_blank\" rel=\"noopener\">182763<\/a><\/td><td class=\"column-3\">Gerhardt Stenger, La science de Dieu dans le Syst\u00e8me de l'Encyclop\u00e9die \/ Publicado en Archives de Philosophie 84:4 (2021) 103-118<\/td>\n<\/tr>\n<tr class=\"row-28\">\n\t<td class=\"column-1\">27<\/td><td class=\"column-2\"><a href=\"https:\/\/biblioteca.agustinosvalladolid.es\/cgi-bin\/koha\/opac-detail.pl?biblionumber=182762\" target=\"_blank\" rel=\"noopener\">182762<\/a><\/td><td class=\"column-3\">Charles Girard, Juliette Roussin et alii, L'h\u00e9ritage de Rawls : Cinquante ans apr\u00e8s Th\u00e9orie de la justice \/Publicado en Archives de Philosophie 84:4 (2021) 5-101<\/td>\n<\/tr>\n<tr class=\"row-29\">\n\t<td class=\"column-1\">28<\/td><td class=\"column-2\"><a href=\"https:\/\/biblioteca.agustinosvalladolid.es\/cgi-bin\/koha\/opac-detail.pl?biblionumber=182761\" target=\"_blank\" rel=\"noopener\">182761<\/a><\/td><td class=\"column-3\">Katia Genel, Emmanuel Delille et alii, Philosophie, psychologie, psychanalyse : Perspectives sur la transformation sociale. Dossier \/Publicado en Archives de philosophie 86:1 (2023) 7-152<\/td>\n<\/tr>\n<tr class=\"row-30\">\n\t<td class=\"column-1\">29<\/td><td class=\"column-2\"><a href=\"https:\/\/biblioteca.agustinosvalladolid.es\/cgi-bin\/koha\/opac-detail.pl?biblionumber=182760\" target=\"_blank\" rel=\"noopener\">182760<\/a><\/td><td class=\"column-3\">Bruno Qu\u00e9lennec et alii, Interpr\u00e9tations, usages et appropriations de Leo Strauss : Philosophie et politique. Dossier \/Publicado en Archives de philosophie 86:2 (2023) 5-139<\/td>\n<\/tr>\n<tr class=\"row-31\">\n\t<td class=\"column-1\">30<\/td><td class=\"column-2\"><a href=\"https:\/\/biblioteca.agustinosvalladolid.es\/cgi-bin\/koha\/opac-detail.pl?biblionumber=182759\" target=\"_blank\" rel=\"noopener\">182759<\/a><\/td><td class=\"column-3\">G. Quicke, R\u00e9sonances augustiniennes du parcours synodal \/ Publicado en Nouvelle Revue Th\u00e9ologique 145:2 (2023) 241-253<\/td>\n<\/tr>\n<tr class=\"row-32\">\n\t<td class=\"column-1\">31<\/td><td class=\"column-2\"><a href=\"https:\/\/biblioteca.agustinosvalladolid.es\/cgi-bin\/koha\/opac-detail.pl?biblionumber=182758\" target=\"_blank\" rel=\"noopener\">182758<\/a><\/td><td class=\"column-3\">Martin Westerholm, The nature and destiny of Niebuhr's Augustine \/ Publicado en Modern Theology 39:1 (2023) 89-113<\/td>\n<\/tr>\n<tr class=\"row-33\">\n\t<td class=\"column-1\">32<\/td><td class=\"column-2\"><a href=\"https:\/\/biblioteca.agustinosvalladolid.es\/cgi-bin\/koha\/opac-detail.pl?biblionumber=182757\" target=\"_blank\" rel=\"noopener\">182757<\/a><\/td><td class=\"column-3\">Guest editor: Steven Kepnes, Special themed issue: New work in Jewish Theology \/ Publicado en Modern Theology 39:2 (2023) 199-342<\/td>\n<\/tr>\n<tr class=\"row-34\">\n\t<td class=\"column-1\">33<\/td><td class=\"column-2\"><a href=\"https:\/\/biblioteca.agustinosvalladolid.es\/cgi-bin\/koha\/opac-detail.pl?biblionumber=182756\" target=\"_blank\" rel=\"noopener\">182756<\/a><\/td><td class=\"column-3\">Joan Torra i Bitlloch, Els sermons 355 i 356 de Sant Agust\u00ed. La sacramentalit del testimoni \/ Publicado en Revista Catalana de Teolog\u00eda 47:1 (2022) 125-173<\/td>\n<\/tr>\n<tr class=\"row-35\">\n\t<td class=\"column-1\">34<\/td><td class=\"column-2\"><a href=\"https:\/\/biblioteca.agustinosvalladolid.es\/cgi-bin\/koha\/opac-detail.pl?biblionumber=182755\" target=\"_blank\" rel=\"noopener\">182755<\/a><\/td><td class=\"column-3\">Jos\u00e9 Ignacio Gonz\u00e1lez Faus, \u00bfPasi\u00f3n \"in\u00fatil\" o pasi\u00f3n esperanzada? El hecho religioso seg\u00fan Mar\u00eda Zambrano \/ Publicado en Revista Catalana de Teolog\u00eda 47:2 (2022) 363-385<\/td>\n<\/tr>\n<tr class=\"row-36\">\n\t<td class=\"column-1\">35<\/td><td class=\"column-2\"><a href=\"https:\/\/biblioteca.agustinosvalladolid.es\/cgi-bin\/koha\/opac-detail.pl?biblionumber=182754\" target=\"_blank\" rel=\"noopener\">182754<\/a><\/td><td class=\"column-3\">Sebasti\u00e0 Janeras i Vilar\u00f3, Bibliografia Egeriana (V)  \/ Publicado en Revista Catalana de Teolog\u00eda 47:2 (2022) 353-361<\/td>\n<\/tr>\n<tr class=\"row-37\">\n\t<td class=\"column-1\">36<\/td><td class=\"column-2\"><a href=\"https:\/\/biblioteca.agustinosvalladolid.es\/cgi-bin\/koha\/opac-detail.pl?biblionumber=182704\" target=\"_blank\" rel=\"noopener\">182704<\/a><\/td><td class=\"column-3\">Jos\u00e9 Ram\u00f3n Pel\u00e1ez Sanz, C\u00e1ritas en las ense\u00f1anzas de los papas del siglo XXI \/ Publicado en Corintios XIII n. 183 (2022) 29-51<\/td>\n<\/tr>\n<tr class=\"row-38\">\n\t<td class=\"column-1\">37<\/td><td class=\"column-2\"><a href=\"https:\/\/biblioteca.agustinosvalladolid.es\/cgi-bin\/koha\/opac-detail.pl?biblionumber=182703\" target=\"_blank\" rel=\"noopener\">182703<\/a><\/td><td class=\"column-3\">Massimo Epis, Il concetto fenomenico di Rivelazione secondo Jean-Luc Marion \/ Publicado en Teologia 47:2 (2022) 371-397<\/td>\n<\/tr>\n<tr class=\"row-39\">\n\t<td class=\"column-1\">38<\/td><td class=\"column-2\"><a href=\"https:\/\/biblioteca.agustinosvalladolid.es\/cgi-bin\/koha\/opac-detail.pl?biblionumber=182702\" target=\"_blank\" rel=\"noopener\">182702<\/a><\/td><td class=\"column-3\">Sergio Ubbiali, \"Il passaggio del dio \u00e8 identico al suo ritrarsi\". Jean-Luc Nancy (1940-2021) \/ Publicado en Teologia 47:3 (2022) 447-454<\/td>\n<\/tr>\n<tr class=\"row-40\">\n\t<td class=\"column-1\">39<\/td><td class=\"column-2\"><a href=\"https:\/\/biblioteca.agustinosvalladolid.es\/cgi-bin\/koha\/opac-detail.pl?biblionumber=182701\" target=\"_blank\" rel=\"noopener\">182701<\/a><\/td><td class=\"column-3\">Jos\u00e9 Alberto Sutil Lorenzo, Trinidad, Apofatismo y Doxolog\u00eda seg\u00fan Vladimir N. Lossky \/ Publicado en Estudios Trinitarios 56:3 (2022) 443-488<\/td>\n<\/tr>\n<tr class=\"row-41\">\n\t<td class=\"column-1\">40<\/td><td class=\"column-2\"><a href=\"https:\/\/biblioteca.agustinosvalladolid.es\/cgi-bin\/koha\/opac-detail.pl?biblionumber=182700\" target=\"_blank\" rel=\"noopener\">182700<\/a><\/td><td class=\"column-3\">Santiago del Cura Elena, \"Tanta Similitudo... Maior Dissimilitudo\": Contexto hist\u00f3rico y sentido teol\u00f3gico de la afirmaci\u00f3n del IV Concilio de Letr\u00e1n (1215) sobre la Trinidad Divina \/ Publicado en Estudios Trinitarios 56:3 (2022) 389-441<\/td>\n<\/tr>\n<tr class=\"row-42\">\n\t<td class=\"column-1\">41<\/td><td class=\"column-2\"><a href=\"https:\/\/biblioteca.agustinosvalladolid.es\/cgi-bin\/koha\/opac-detail.pl?biblionumber=182699\" target=\"_blank\" rel=\"noopener\">182699<\/a><\/td><td class=\"column-3\">Carlos Mart\u00ednez Oliveras ; Join-Lambert Arnaud ; Benito M\u00e9ndez Fern\u00e1ndez ; Eloy Bueno de la Fuente ; Carlos Mar\u00eda Galli ; Juan Carlos Fern\u00e1ndez Menes, Sinodalidad \/ Publicado en Salmanticensis 68:2 (2021) 213-350<\/td>\n<\/tr>\n<tr class=\"row-43\">\n\t<td class=\"column-1\">42<\/td><td class=\"column-2\"><a href=\"https:\/\/biblioteca.agustinosvalladolid.es\/cgi-bin\/koha\/opac-detail.pl?biblionumber=182698\" target=\"_blank\" rel=\"noopener\">182698<\/a><\/td><td class=\"column-3\">Carmine Ferrara, Creator e natura nel Dragmaticon Philosophiae di Guglielmo di Conches \/ Publicado en Antonianum 97:4 (2022) 759-790<\/td>\n<\/tr>\n<tr class=\"row-44\">\n\t<td class=\"column-1\">43<\/td><td class=\"column-2\"><a href=\"https:\/\/biblioteca.agustinosvalladolid.es\/cgi-bin\/koha\/opac-detail.pl?biblionumber=182697\" target=\"_blank\" rel=\"noopener\">182697<\/a><\/td><td class=\"column-3\">Edited by Anna Marmodoro, Philosophical and theological topics in Joachim of Fiore and the Joachimite tradition \/ Publicado en Recherches de Th\u00e9ologie et Philosophie m\u00e9di\u00e9vales 89:2 (2022) 213-334<\/td>\n<\/tr>\n<tr class=\"row-45\">\n\t<td class=\"column-1\">44<\/td><td class=\"column-2\"><a href=\"https:\/\/biblioteca.agustinosvalladolid.es\/cgi-bin\/koha\/opac-detail.pl?biblionumber=182696\" target=\"_blank\" rel=\"noopener\">182696<\/a><\/td><td class=\"column-3\">Luis Resines, El Catecismo del concilio de Valladolid cumple 700 a\u00f1os \/ Publicado en Teolog\u00eda y catequesis n. 154 (2022) 215-232<\/td>\n<\/tr>\n<tr class=\"row-46\">\n\t<td class=\"column-1\">45<\/td><td class=\"column-2\"><a href=\"https:\/\/biblioteca.agustinosvalladolid.es\/cgi-bin\/koha\/opac-detail.pl?biblionumber=182666\" target=\"_blank\" rel=\"noopener\">182666<\/a><\/td><td class=\"column-3\">Ciro Garc\u00eda, OCD, Santa Teresa de Lisieux (1873-1897), Doctora de la Iglesia (1997-2022) \/ Publicado en Monte Carmelo 130:3 (2022) 529-602<\/td>\n<\/tr>\n<tr class=\"row-47\">\n\t<td class=\"column-1\">46<\/td><td class=\"column-2\"><a href=\"https:\/\/biblioteca.agustinosvalladolid.es\/cgi-bin\/koha\/opac-detail.pl?biblionumber=182665\" target=\"_blank\" rel=\"noopener\">182665<\/a><\/td><td class=\"column-3\">Arsenio Ginzo Fern\u00e1ndez, Chateaubriand y Pascal \/ Publicado en Estudios Mindonienses 35 (2022) 131-194<\/td>\n<\/tr>\n<tr class=\"row-48\">\n\t<td class=\"column-1\">47<\/td><td class=\"column-2\"><a href=\"https:\/\/biblioteca.agustinosvalladolid.es\/cgi-bin\/koha\/opac-detail.pl?biblionumber=182522\" target=\"_blank\" rel=\"noopener\">182522<\/a><\/td><td class=\"column-3\">Alfredo Sim\u00f3n, OSB, La configurazione sapienziale della teologia monastica medievale \/ Publicado en Studia monastica 64:2 (2022) 455-489<\/td>\n<\/tr>\n<tr class=\"row-49\">\n\t<td class=\"column-1\">48<\/td><td class=\"column-2\"><a href=\"https:\/\/biblioteca.agustinosvalladolid.es\/cgi-bin\/koha\/opac-detail.pl?biblionumber=182521\" target=\"_blank\" rel=\"noopener\">182521<\/a><\/td><td class=\"column-3\">Ismael Arevalillo Garc\u00eda, OSA, El convento agustiniano de Sarria, emblema del Camino (s. XIII-1835) \/ Publicado en Compostellanum 67:3-4 (2022) 503-524<\/td>\n<\/tr>\n<tr class=\"row-50\">\n\t<td class=\"column-1\">49<\/td><td class=\"column-2\"><a href=\"https:\/\/biblioteca.agustinosvalladolid.es\/cgi-bin\/koha\/opac-detail.pl?biblionumber=182520\" target=\"_blank\" rel=\"noopener\">182520<\/a><\/td><td class=\"column-3\">Matteo Prodi, La teologia per un nuovo modello di sviluppo : Una proposta dalla Veritatis gaudium \/Publicado en Asprenas 69:1-2 (2022) 123-140<\/td>\n<\/tr>\n<tr class=\"row-51\">\n\t<td class=\"column-1\">50<\/td><td class=\"column-2\"><a href=\"https:\/\/biblioteca.agustinosvalladolid.es\/cgi-bin\/koha\/opac-detail.pl?biblionumber=182519\" target=\"_blank\" rel=\"noopener\">182519<\/a><\/td><td class=\"column-3\">Tadeusz Sierotowicz, La teologia di Hans Urs von Balthasar secondo la prospettiva delle tradizioni di ricerca \/ Publicado en Asprenas 69:1-2 (2022) 27-60<\/td>\n<\/tr>\n<tr class=\"row-52\">\n\t<td class=\"column-1\">51<\/td><td class=\"column-2\"><a href=\"https:\/\/biblioteca.agustinosvalladolid.es\/cgi-bin\/koha\/opac-detail.pl?biblionumber=182518\" target=\"_blank\" rel=\"noopener\">182518<\/a><\/td><td class=\"column-3\">Ismael Arevalillo Garc\u00eda, O.S.A., El Colegio del Sant\u00edsimo Sacramento de Almagro (1735-1835) : esplendor del monacato agustiniano en el Campo de Calatrava (Ciudad Real) \/Publicado en Toletana 44:1 (2021) 67-104<\/td>\n<\/tr>\n<tr class=\"row-53\">\n\t<td class=\"column-1\">52<\/td><td class=\"column-2\"><a href=\"https:\/\/biblioteca.agustinosvalladolid.es\/cgi-bin\/koha\/opac-detail.pl?biblionumber=182517\" target=\"_blank\" rel=\"noopener\">182517<\/a><\/td><td class=\"column-3\">Sun Xuyi, La ragione umana nell'evangelizzazione della Cina : il vero significato di Signore del cielo [chino] di padre Matteo Ricci SJ \/Publicado en Sacra Doctrina 67:2 (2022) 11-576<\/td>\n<\/tr>\n<tr class=\"row-54\">\n\t<td class=\"column-1\">53<\/td><td class=\"column-2\"><a href=\"https:\/\/biblioteca.agustinosvalladolid.es\/cgi-bin\/koha\/opac-detail.pl?biblionumber=182471\" target=\"_blank\" rel=\"noopener\">182471<\/a><\/td><td class=\"column-3\">Fran\u00e7ois Dolbeau, Un sermon d'Augustin dirig\u00e9 contre les Ariens. Nouvelle \u00e9dition critique du s. 126 \/ Publicado en Revue d'\u00e9tudes augustiniennes et patristiques 67:1 (2021) 1-31<\/td>\n<\/tr>\n<tr class=\"row-55\">\n\t<td class=\"column-1\">54<\/td><td class=\"column-2\"><a href=\"https:\/\/biblioteca.agustinosvalladolid.es\/cgi-bin\/koha\/opac-detail.pl?biblionumber=182470\" target=\"_blank\" rel=\"noopener\">182470<\/a><\/td><td class=\"column-3\">Johannes van Oort, A new reading of Augustine's conversion story (Conf. 8, 13-30) \/ Publicado en Revue d'\u00e9tudes augustiniennes et patristiques 68:1 (2022) 45-100<\/td>\n<\/tr>\n<tr class=\"row-56\">\n\t<td class=\"column-1\">55<\/td><td class=\"column-2\"><a href=\"https:\/\/biblioteca.agustinosvalladolid.es\/cgi-bin\/koha\/opac-detail.pl?biblionumber=182469\" target=\"_blank\" rel=\"noopener\">182469<\/a><\/td><td class=\"column-3\">Izabella Jurasz, Comment retourner \u00e0 Ithaque? Le voyage d'Ulysse selon les platoniciens, gnostiques et chr\u00e9tiens \/ Publicado en Revue d'\u00e9tudes augustiniennes et patristiques 68:1 (2022) 1-23<\/td>\n<\/tr>\n<\/tbody>\n<\/table>\n<!-- #tablepress-8 from cache -->\n","protected":false},"excerpt":{"rendered":"<p>25 de junio de 2023<\/p>\n","protected":false},"author":1,"featured_media":0,"comment_status":"open","ping_status":"closed","sticky":false,"template":"","format":"standard","meta":{"footnotes":""},"categories":[10],"tags":[13,12,11],"class_list":["post-288","post","type-post","status-publish","format-standard","hentry","category-novedades-en-articulos","tag-bibliografia","tag-san-agustin","tag-teologia-fundamental","entry"],"_links":{"self":[{"href":"https:\/\/bibliotecario.agustinosvalladolid.es\/index.php\/wp-json\/wp\/v2\/posts\/288","targetHints":{"allow":["GET"]}}],"collection":[{"href":"https:\/\/bibliotecario.agustinosvalladolid.es\/index.php\/wp-json\/wp\/v2\/posts"}],"about":[{"href":"https:\/\/bibliotecario.agustinosvalladolid.es\/index.php\/wp-json\/wp\/v2\/types\/post"}],"author":[{"embeddable":true,"href":"https:\/\/bibliotecario.agustinosvalladolid.es\/index.php\/wp-json\/wp\/v2\/users\/1"}],"replies":[{"embeddable":true,"href":"https:\/\/bibliotecario.agustinosvalladolid.es\/index.php\/wp-json\/wp\/v2\/comments?post=288"}],"version-history":[{"count":8,"href":"https:\/\/bibliotecario.agustinosvalladolid.es\/index.php\/wp-json\/wp\/v2\/posts\/288\/revisions"}],"predecessor-version":[{"id":301,"href":"https:\/\/bibliotecario.agustinosvalladolid.es\/index.php\/wp-json\/wp\/v2\/posts\/288\/revisions\/301"}],"wp:attachment":[{"href":"https:\/\/bibliotecario.agustinosvalladolid.es\/index.php\/wp-json\/wp\/v2\/media?parent=288"}],"wp:term":[{"taxonomy":"category","embeddable":true,"href":"https:\/\/bibliotecario.agustinosvalladolid.es\/index.php\/wp-json\/wp\/v2\/categories?post=288"},{"taxonomy":"post_tag","embeddable":true,"href":"https:\/\/bibliotecario.agustinosvalladolid.es\/index.php\/wp-json\/wp\/v2\/tags?post=288"}],"curies":[{"name":"wp","href":"https:\/\/api.w.org\/{rel}","templated":true}]}}