{"id":268,"date":"2022-11-13T10:40:19","date_gmt":"2022-11-13T09:40:19","guid":{"rendered":"https:\/\/bibliotecario.agustinosvalladolid.es\/?p=268"},"modified":"2022-11-13T10:43:00","modified_gmt":"2022-11-13T09:43:00","slug":"nuevos-libros-2","status":"publish","type":"post","link":"https:\/\/bibliotecario.agustinosvalladolid.es\/index.php\/2022\/11\/13\/nuevos-libros-2\/","title":{"rendered":"Nuevos libros (2)"},"content":{"rendered":"<h2><span style=\"color: #000080;\">13 de noviembre de 2022<\/span><\/h2>\n\n\n<p>A continuaci\u00f3n siguen las novedades incorporadas hace 15 d\u00edas.<\/p>\n\n\n\n<!--more Seguir leyendo-->\n\n\n\n<p><\/p>\n\n\n\n<table id=\"tablepress-7\" class=\"tablepress tablepress-id-7\">\n<thead>\n<tr class=\"row-1\">\n\t<td class=\"column-1\"><\/td><th class=\"column-2\">Registro<\/th><th class=\"column-3\">Ficha<\/th>\n<\/tr>\n<\/thead>\n<tbody class=\"row-striping row-hover\">\n<tr class=\"row-2\">\n\t<td class=\"column-1\">1<\/td><td class=\"column-2\"><a href=\"https:\/\/biblioteca.agustinosvalladolid.es\/cgi-bin\/koha\/opac-detail.pl?biblionumber=182410\" target=\"_blank\" rel=\"noopener\">182410<\/a><\/td><td class=\"column-3\">Coordinadores: Jos\u00e9 Luis Alonso Ponga, Fernando Joven \u00c1lvarez, OSA, Pilar Panero Garc\u00eda ; [Organizan Estudio Teol\u00f3gico Agustiniano de Valladolid, Universidad de Valladolid, Centro de Antropolog\u00eda aplicada de la Universidad de Valladolid], La Semana Santa: Antropolog\u00eda y Religi\u00f3n en Latinoam\u00e9rica III : Representaciones y ritos representados. Desenclavos, pasiones y v\u00eda crucis vivientes \/ (Ayuntamiento de Valladolid, Valladolid : 2017)<\/td>\n<\/tr>\n<tr class=\"row-3\">\n\t<td class=\"column-1\">2<\/td><td class=\"column-2\"><a href=\"https:\/\/biblioteca.agustinosvalladolid.es\/cgi-bin\/koha\/opac-detail.pl?biblionumber=182392\" target=\"_blank\" rel=\"noopener\">182392<\/a><\/td><td class=\"column-3\">Antonio Gonz\u00e1lez Fern\u00e1ndez, El Mes\u00edas de Dios : Ensayo de cristolog\u00eda \/ (  )<\/td>\n<\/tr>\n<tr class=\"row-4\">\n\t<td class=\"column-1\">3<\/td><td class=\"column-2\"><a href=\"https:\/\/biblioteca.agustinosvalladolid.es\/cgi-bin\/koha\/opac-detail.pl?biblionumber=182386\" target=\"_blank\" rel=\"noopener\">182386<\/a><\/td><td class=\"column-3\">Andrew Carroll ; Carmen Mill\u00e1n de Benavides, editora, De usted atentamente : Manual de conservaci\u00f3n de cartas y papeles personales \/ (Pontificia Universidad Javeriana, Bogot\u00e1 : 2009)<\/td>\n<\/tr>\n<tr class=\"row-5\">\n\t<td class=\"column-1\">4<\/td><td class=\"column-2\"><a href=\"https:\/\/biblioteca.agustinosvalladolid.es\/cgi-bin\/koha\/opac-detail.pl?biblionumber=182385\" target=\"_blank\" rel=\"noopener\">182385<\/a><\/td><td class=\"column-3\">Javier \u00c1lvarez Perea, La religi\u00f3n de la sociedad secular \/  (Th\u00e9mata, Sevilla : 2017)<\/td>\n<\/tr>\n<tr class=\"row-6\">\n\t<td class=\"column-1\">5<\/td><td class=\"column-2\"><a href=\"https:\/\/biblioteca.agustinosvalladolid.es\/cgi-bin\/koha\/opac-detail.pl?biblionumber=182384\" target=\"_blank\" rel=\"noopener\">182384<\/a><\/td><td class=\"column-3\">Jacinto Choza, Metamorfosis del cristianismo : Ensayo sobre la relaci\u00f3n entre religi\u00f3n y cultura \/ (Th\u00e9mata, Sevilla : 2018)<\/td>\n<\/tr>\n<tr class=\"row-7\">\n\t<td class=\"column-1\">6<\/td><td class=\"column-2\"><a href=\"https:\/\/biblioteca.agustinosvalladolid.es\/cgi-bin\/koha\/opac-detail.pl?biblionumber=182383\" target=\"_blank\" rel=\"noopener\">182383<\/a><\/td><td class=\"column-3\">Jacinto Choza, La revelaci\u00f3n originaria : La religi\u00f3n en la Edad de los Metales \/ (Th\u00e9mata, Sevilla : 2018)<\/td>\n<\/tr>\n<tr class=\"row-8\">\n\t<td class=\"column-1\">7<\/td><td class=\"column-2\"><a href=\"https:\/\/biblioteca.agustinosvalladolid.es\/cgi-bin\/koha\/opac-detail.pl?biblionumber=182382\" target=\"_blank\" rel=\"noopener\">182382<\/a><\/td><td class=\"column-3\">Jacinto Choza, La oraci\u00f3n originaria : La religi\u00f3n de la Antig\u00fcedad \/ (Th\u00e9mata, Sevilla : 2019)<\/td>\n<\/tr>\n<tr class=\"row-9\">\n\t<td class=\"column-1\">8<\/td><td class=\"column-2\"><a href=\"https:\/\/biblioteca.agustinosvalladolid.es\/cgi-bin\/koha\/opac-detail.pl?biblionumber=182381\" target=\"_blank\" rel=\"noopener\">182381<\/a><\/td><td class=\"column-3\">Jacinto Choza, Religi\u00f3n oficial y religi\u00f3n personal en la \u00e9poca hist\u00f3rica \/  (Th\u00e9mata, Sevilla : 2020)<\/td>\n<\/tr>\n<tr class=\"row-10\">\n\t<td class=\"column-1\">9<\/td><td class=\"column-2\"><a href=\"https:\/\/biblioteca.agustinosvalladolid.es\/cgi-bin\/koha\/opac-detail.pl?biblionumber=182379\" target=\"_blank\" rel=\"noopener\">182379<\/a><\/td><td class=\"column-3\">Salvador Pi\u00e9-Ninot, Hacia el \"primado sinodal y diaconal\" del papa Francisco : Documentos hist\u00f3rico-eclesiol\u00f3gicos del ministerio petrino \/ (BAC, Madrid : 2021)<\/td>\n<\/tr>\n<tr class=\"row-11\">\n\t<td class=\"column-1\">10<\/td><td class=\"column-2\"><a href=\"https:\/\/biblioteca.agustinosvalladolid.es\/cgi-bin\/koha\/opac-detail.pl?biblionumber=182378\" target=\"_blank\" rel=\"noopener\">182378<\/a><\/td><td class=\"column-3\">F\u00e9lix Mar\u00eda Arocena, Alberto Portol\u00e9s, El arte de celebrar la Eucarist\u00eda : En el jard\u00edn de la Pascua \/ (BAC, Madrid : 2022)<\/td>\n<\/tr>\n<tr class=\"row-12\">\n\t<td class=\"column-1\">11<\/td><td class=\"column-2\"><a href=\"https:\/\/biblioteca.agustinosvalladolid.es\/cgi-bin\/koha\/opac-detail.pl?biblionumber=182377\" target=\"_blank\" rel=\"noopener\">182377<\/a><\/td><td class=\"column-3\">Agust\u00edn Gim\u00e9nez Gonz\u00e1lez, Sabidur\u00eda \/  (BAC, Madrid : 2021)<\/td>\n<\/tr>\n<tr class=\"row-13\">\n\t<td class=\"column-1\">12<\/td><td class=\"column-2\"><a href=\"https:\/\/biblioteca.agustinosvalladolid.es\/cgi-bin\/koha\/opac-detail.pl?biblionumber=182376\" target=\"_blank\" rel=\"noopener\">182376<\/a><\/td><td class=\"column-3\">Tom\u00e1s Moro ; edici\u00f3n preparada por \u00c1lvaro Silva, La otra libertad : Escritos en prisi\u00f3n (1534-1535). Un di\u00e1logo de la fortaleza contra la tribulaci\u00f3n. La agon\u00eda de Cristo. \u00daltimas instrucciones \/ (BAC, Madrid : 2022)<\/td>\n<\/tr>\n<tr class=\"row-14\">\n\t<td class=\"column-1\">13<\/td><td class=\"column-2\"><a href=\"https:\/\/biblioteca.agustinosvalladolid.es\/cgi-bin\/koha\/opac-detail.pl?biblionumber=182375\" target=\"_blank\" rel=\"noopener\">182375<\/a><\/td><td class=\"column-3\">Mauro Gagliardi ; Introduction by Cardinal Gerhard L. M\u00fcller, Truth is a synthesis : Catholic dogmatic theology \/ (Emmaus Academic, Steubenville, Ohio : 2021)<\/td>\n<\/tr>\n<tr class=\"row-15\">\n\t<td class=\"column-1\">14<\/td><td class=\"column-2\"><a href=\"https:\/\/biblioteca.agustinosvalladolid.es\/cgi-bin\/koha\/opac-detail.pl?biblionumber=182374\" target=\"_blank\" rel=\"noopener\">182374<\/a><\/td><td class=\"column-3\">Gabino Ur\u00edbarri Bilbao, SJ, La plena humanidad de Jesucristo : Una discusi\u00f3n con J. Ratzinger \/ (BAC, Madrid : 2022)<\/td>\n<\/tr>\n<tr class=\"row-16\">\n\t<td class=\"column-1\">15<\/td><td class=\"column-2\"><a href=\"https:\/\/biblioteca.agustinosvalladolid.es\/cgi-bin\/koha\/opac-detail.pl?biblionumber=182373\" target=\"_blank\" rel=\"noopener\">182373<\/a><\/td><td class=\"column-3\">Giovanni Filoramo (ed.), Storia della direzione spirituale.   (Morcelliana, Brescia : 2006)<\/td>\n<\/tr>\n<tr class=\"row-17\">\n\t<td class=\"column-1\">16<\/td><td class=\"column-2\"><a href=\"https:\/\/biblioteca.agustinosvalladolid.es\/cgi-bin\/koha\/opac-detail.pl?biblionumber=182372\" target=\"_blank\" rel=\"noopener\">182372<\/a><\/td><td class=\"column-3\">Luigi La Rosa, Storia della catechesi.  (LAS,  Roma : 2022)<\/td>\n<\/tr>\n<tr class=\"row-18\">\n\t<td class=\"column-1\">17<\/td><td class=\"column-2\"><a href=\"https:\/\/biblioteca.agustinosvalladolid.es\/cgi-bin\/koha\/opac-detail.pl?biblionumber=182371\" target=\"_blank\" rel=\"noopener\">182371<\/a><\/td><td class=\"column-3\">a cura di Piero Capelli, Il diavolo e l'occidente \/  (Morcelliana, Brescia : 2005)<\/td>\n<\/tr>\n<tr class=\"row-19\">\n\t<td class=\"column-1\">18<\/td><td class=\"column-2\"><a href=\"https:\/\/biblioteca.agustinosvalladolid.es\/cgi-bin\/koha\/opac-detail.pl?biblionumber=182370\" target=\"_blank\" rel=\"noopener\">182370<\/a><\/td><td class=\"column-3\">Jes\u00fas Solano (ed.) ; [edici\u00f3n preparada por Juan Antonio Mayoral], Textos eucar\u00edsticos primitivos.  (BAC,  Madrid :  2017)<\/td>\n<\/tr>\n<tr class=\"row-20\">\n\t<td class=\"column-1\">19<\/td><td class=\"column-2\"><a href=\"https:\/\/biblioteca.agustinosvalladolid.es\/cgi-bin\/koha\/opac-detail.pl?biblionumber=182370\" target=\"_blank\" rel=\"noopener\">182370<\/a><\/td><td class=\"column-3\">Jes\u00fas Solano (ed.) ; [edici\u00f3n preparada por Juan Antonio Mayoral], Textos eucar\u00edsticos primitivos.  (BAC,  Madrid :  2017)<\/td>\n<\/tr>\n<tr class=\"row-21\">\n\t<td class=\"column-1\">20<\/td><td class=\"column-2\"><a href=\"https:\/\/biblioteca.agustinosvalladolid.es\/cgi-bin\/koha\/opac-detail.pl?biblionumber=182369\" target=\"_blank\" rel=\"noopener\">182369<\/a><\/td><td class=\"column-3\">por Federico R. Aznar Gil, Francisco Cantelar Rodr\u00edguez, Antonio Garc\u00eda y Garc\u00eda, Jaime Justo Fern\u00e1ndez ; dirigido por Antonio Garc\u00eda y Garc\u00eda, Synodicon hispanum.  (BAC, Madrid : 2020)<\/td>\n<\/tr>\n<tr class=\"row-22\">\n\t<td class=\"column-1\">21<\/td><td class=\"column-2\"><a href=\"https:\/\/biblioteca.agustinosvalladolid.es\/cgi-bin\/koha\/opac-detail.pl?biblionumber=182368\" target=\"_blank\" rel=\"noopener\">182368<\/a><\/td><td class=\"column-3\">coordinaci\u00f3n Josep Amengual i Batle ; autores Josep Amengual i Batle, Pere Fullana Puigserver, Joan Pi\u00f1a Torres, Guillermo Pons Pons, Iglesias de Mallorca, Menorca e Ibiza : Historia de las Di\u00f3cesis espa\u00f1olas \/ (BAC, Madrid : 2020)<\/td>\n<\/tr>\n<tr class=\"row-23\">\n\t<td class=\"column-1\">22<\/td><td class=\"column-2\"><a href=\"https:\/\/biblioteca.agustinosvalladolid.es\/cgi-bin\/koha\/opac-detail.pl?biblionumber=182367\" target=\"_blank\" rel=\"noopener\">182367<\/a><\/td><td class=\"column-3\">del Excmo. y Rvdmo. Sr. D. Jes\u00fas Garc\u00eda Burillo durante su episcopado en la di\u00f3cesis de \u00c1vila (2003-2018), Pastor bueno y fiel : Escritos sobre el sacerdocio \/ (BAC, Madrid : 2021)<\/td>\n<\/tr>\n<tr class=\"row-24\">\n\t<td class=\"column-1\">23<\/td><td class=\"column-2\"><a href=\"https:\/\/biblioteca.agustinosvalladolid.es\/cgi-bin\/koha\/opac-detail.pl?biblionumber=182366\" target=\"_blank\" rel=\"noopener\">182366<\/a><\/td><td class=\"column-3\">Rafael Jim\u00e9nez Pedrajas ; edici\u00f3n preparada por Eduardo Cerrato Casado, El Santoral hisp\u00e1nico del Martirologio de Usuardo :  Estudio de las noticias y de sus fuentes \/  (BAC, Madrid : 2021)<\/td>\n<\/tr>\n<tr class=\"row-25\">\n\t<td class=\"column-1\">24<\/td><td class=\"column-2\"><a href=\"https:\/\/biblioteca.agustinosvalladolid.es\/cgi-bin\/koha\/opac-detail.pl?biblionumber=182365\" target=\"_blank\" rel=\"noopener\">182365<\/a><\/td><td class=\"column-3\">por San Buenaventura ; introducci\u00f3n, traducci\u00f3n y notas de Alejandro Holgado Ram\u00edrez y Francisco Antonio Garc\u00eda Romero, Sermones de Adviento \/  (BAC, Madrid : 2021)<\/td>\n<\/tr>\n<tr class=\"row-26\">\n\t<td class=\"column-1\">25<\/td><td class=\"column-2\"><a href=\"https:\/\/biblioteca.agustinosvalladolid.es\/cgi-bin\/koha\/opac-detail.pl?biblionumber=182364\" target=\"_blank\" rel=\"noopener\">182364<\/a><\/td><td class=\"column-3\">por Emanuela Prinzivalli, Manlio Simonetti ; edici\u00f3n preparada por Antonio Gayt\u00e1n, OSA., La teolog\u00eda de los primeros cristianos : (Siglos I al V) \/  (BAC,  Madrid :  2021)<\/td>\n<\/tr>\n<tr class=\"row-27\">\n\t<td class=\"column-1\">26<\/td><td class=\"column-2\"><a href=\"https:\/\/biblioteca.agustinosvalladolid.es\/cgi-bin\/koha\/opac-detail.pl?biblionumber=182363\" target=\"_blank\" rel=\"noopener\">182363<\/a><\/td><td class=\"column-3\">Antonio Ducay, La Asunci\u00f3n de Mar\u00eda al cielo : Historia, teolog\u00eda, \u00e9schaton \/ (Eunsa, Pamplona : 2022)<\/td>\n<\/tr>\n<tr class=\"row-28\">\n\t<td class=\"column-1\">27<\/td><td class=\"column-2\"><a href=\"https:\/\/biblioteca.agustinosvalladolid.es\/cgi-bin\/koha\/opac-detail.pl?biblionumber=182362\" target=\"_blank\" rel=\"noopener\">182362<\/a><\/td><td class=\"column-3\">Max Scheler, presentaci\u00f3n y traducci\u00f3n: Sergio S\u00e1nchez-Migall\u00f3n, Lo absoluto y la afirmaci\u00f3n de Dios \/  (Eunsa, Pamplona : 2021)<\/td>\n<\/tr>\n<tr class=\"row-29\">\n\t<td class=\"column-1\">28<\/td><td class=\"column-2\"><a href=\"https:\/\/biblioteca.agustinosvalladolid.es\/cgi-bin\/koha\/opac-detail.pl?biblionumber=182361\" target=\"_blank\" rel=\"noopener\">182361<\/a><\/td><td class=\"column-3\">Dario Vitali ; [traducci\u00f3n de \u00c1lvaro Camp\u00f3n S\u00e1nchez], El diaconado :  Nuevas perspectivas \/  (BAC, Madrid : 2021)<\/td>\n<\/tr>\n<tr class=\"row-30\">\n\t<td class=\"column-1\">29<\/td><td class=\"column-2\"><a href=\"https:\/\/biblioteca.agustinosvalladolid.es\/cgi-bin\/koha\/opac-detail.pl?biblionumber=182360\" target=\"_blank\" rel=\"noopener\">182360<\/a><\/td><td class=\"column-3\">C\u00e9sar Izquierdo, El vuelo de \u00cdcaro : La raz\u00f3n y la fe, alas del esp\u00edritu \/ (Eunsa, Pamplona : 2021)<\/td>\n<\/tr>\n<tr class=\"row-31\">\n\t<td class=\"column-1\">30<\/td><td class=\"column-2\"><a href=\"https:\/\/biblioteca.agustinosvalladolid.es\/cgi-bin\/koha\/opac-detail.pl?biblionumber=182359\" target=\"_blank\" rel=\"noopener\">182359<\/a><\/td><td class=\"column-3\">Gilcemar Hohemberger, Rudy Albino de Assun\u00e7\u00e3o (coords.) ; traducci\u00f3n del original portugu\u00e9s (Brasil): Yonatan Pereira Melo ; prefacio: Mario de Fran\u00e7a Miranda., El patrimonio espiritual de J. Ratzinger, Benedicto XVI \/   (BAC, Madrid : 2021)<\/td>\n<\/tr>\n<\/tbody>\n<\/table>\n\n","protected":false},"excerpt":{"rendered":"<p>13 de noviembre de 2022 A continuaci\u00f3n siguen las novedades incorporadas hace 15 d\u00edas.<\/p>\n","protected":false},"author":1,"featured_media":0,"comment_status":"open","ping_status":"closed","sticky":false,"template":"","format":"standard","meta":{"footnotes":""},"categories":[14],"tags":[],"class_list":["post-268","post","type-post","status-publish","format-standard","hentry","category-novedades-en-libros","entry"],"_links":{"self":[{"href":"https:\/\/bibliotecario.agustinosvalladolid.es\/index.php\/wp-json\/wp\/v2\/posts\/268","targetHints":{"allow":["GET"]}}],"collection":[{"href":"https:\/\/bibliotecario.agustinosvalladolid.es\/index.php\/wp-json\/wp\/v2\/posts"}],"about":[{"href":"https:\/\/bibliotecario.agustinosvalladolid.es\/index.php\/wp-json\/wp\/v2\/types\/post"}],"author":[{"embeddable":true,"href":"https:\/\/bibliotecario.agustinosvalladolid.es\/index.php\/wp-json\/wp\/v2\/users\/1"}],"replies":[{"embeddable":true,"href":"https:\/\/bibliotecario.agustinosvalladolid.es\/index.php\/wp-json\/wp\/v2\/comments?post=268"}],"version-history":[{"count":4,"href":"https:\/\/bibliotecario.agustinosvalladolid.es\/index.php\/wp-json\/wp\/v2\/posts\/268\/revisions"}],"predecessor-version":[{"id":273,"href":"https:\/\/bibliotecario.agustinosvalladolid.es\/index.php\/wp-json\/wp\/v2\/posts\/268\/revisions\/273"}],"wp:attachment":[{"href":"https:\/\/bibliotecario.agustinosvalladolid.es\/index.php\/wp-json\/wp\/v2\/media?parent=268"}],"wp:term":[{"taxonomy":"category","embeddable":true,"href":"https:\/\/bibliotecario.agustinosvalladolid.es\/index.php\/wp-json\/wp\/v2\/categories?post=268"},{"taxonomy":"post_tag","embeddable":true,"href":"https:\/\/bibliotecario.agustinosvalladolid.es\/index.php\/wp-json\/wp\/v2\/tags?post=268"}],"curies":[{"name":"wp","href":"https:\/\/api.w.org\/{rel}","templated":true}]}}