{"id":226,"date":"2022-11-06T10:57:10","date_gmt":"2022-11-06T09:57:10","guid":{"rendered":"https:\/\/bibliotecario.agustinosvalladolid.es\/?p=226"},"modified":"2022-11-07T09:32:02","modified_gmt":"2022-11-07T08:32:02","slug":"nuevos-articulos-de-revista-2","status":"publish","type":"post","link":"https:\/\/bibliotecario.agustinosvalladolid.es\/index.php\/2022\/11\/06\/nuevos-articulos-de-revista-2\/","title":{"rendered":"Nuevos art\u00edculos de revista (2)"},"content":{"rendered":"\n<h2 class=\"wp-block-heading\"><span style=\"color: #000080;\">6 de noviembre de 2022<\/span><\/h2>\n\n\n\n<p>\u00a0 \u00a0 \u00a0 \u00a0 \u00a0 A continuaci\u00f3n algunos art\u00edculos recientes publicados en las revistas y que tienen particular relevancia seg\u00fan los criterios que dec\u00edamos en la primera entrada.<\/p>\n\n\n\n<!--more Seguir leyendo-->\n\n\n\n<p>Los n\u00fameros 3, 6, 8 y 12 dicen relaci\u00f3n a la Teolog\u00eda fundamental.<\/p>\n\n\n\n<table id=\"tablepress-6\" class=\"tablepress tablepress-id-6\">\n<thead>\n<tr class=\"row-1\">\n\t<td class=\"column-1\"><\/td><th class=\"column-2\">Registro<\/th><th class=\"column-3\">Ficha<\/th>\n<\/tr>\n<\/thead>\n<tbody class=\"row-striping row-hover\">\n<tr class=\"row-2\">\n\t<td class=\"column-1\">1<\/td><td class=\"column-2\"><a href=\"https:\/\/biblioteca.agustinosvalladolid.es\/cgi-bin\/koha\/opac-detail.pl?biblionumber=182412\" target=\"_blank\" rel=\"noopener\">182412<\/a><\/td><td class=\"column-3\">Ramiro Gonz\u00e1lez Cougil, Carta de san Agust\u00edn a Proba \/ Publicado en Auriensia 24 (2021) 163-181<\/td>\n<\/tr>\n<tr class=\"row-3\">\n\t<td class=\"column-1\">2<\/td><td class=\"column-2\"><a href=\"https:\/\/biblioteca.agustinosvalladolid.es\/cgi-bin\/koha\/opac-detail.pl?biblionumber=182411\" target=\"_blank\" rel=\"noopener\">182411<\/a><\/td><td class=\"column-3\">Editorial Gonzalo Guzm\u00e1n Karadima, La formaci\u00f3n lit\u00fargica \/ Publicado en Phase 62 (2022) n. 365<\/td>\n<\/tr>\n<tr class=\"row-4\">\n\t<td class=\"column-1\">3<\/td><td class=\"column-2\"><a href=\"https:\/\/biblioteca.agustinosvalladolid.es\/cgi-bin\/koha\/opac-detail.pl?biblionumber=182409\" target=\"_blank\" rel=\"noopener\">182409<\/a><\/td><td class=\"column-3\">Liminaire Guilhen Antier, C\u00e9line Rohmer, Autorit\u00e9 et interpr\u00e9tation de l'\u00c9criture : Dossier \/Publicado en \u00c9tudes th\u00e9ologiques et religieuses 97:3 (2022) 309-341<\/td>\n<\/tr>\n<tr class=\"row-5\">\n\t<td class=\"column-1\">4<\/td><td class=\"column-2\"><a href=\"https:\/\/biblioteca.agustinosvalladolid.es\/cgi-bin\/koha\/opac-detail.pl?biblionumber=182408\" target=\"_blank\" rel=\"noopener\">182408<\/a><\/td><td class=\"column-3\">Rocco Pititto, Ludwig Wittgenstein: \"uditore della parola\"? \/ Publicado en Rassegna di Teologia 63:2 (2022) 257-282<\/td>\n<\/tr>\n<tr class=\"row-6\">\n\t<td class=\"column-1\">5<\/td><td class=\"column-2\"><a href=\"https:\/\/biblioteca.agustinosvalladolid.es\/cgi-bin\/koha\/opac-detail.pl?biblionumber=182407\" target=\"_blank\" rel=\"noopener\">182407<\/a><\/td><td class=\"column-3\">Edited by Dan Batovici and Joseph Verheyden, Versions of the early christian past. Ancient translations of the Apostolic Fathers \/ Publicado en Ephemerides Theologicae Lovanienses 98:3 (2022) 373-524<\/td>\n<\/tr>\n<tr class=\"row-7\">\n\t<td class=\"column-1\">6<\/td><td class=\"column-2\"><a href=\"https:\/\/biblioteca.agustinosvalladolid.es\/cgi-bin\/koha\/opac-detail.pl?biblionumber=182327\" target=\"_blank\" rel=\"noopener\">182327<\/a><\/td><td class=\"column-3\">Paolo Monzani, Karl Rahner et la th\u00e9ologie de l'inspiration \/ Publicado en Nouvelle revue th\u00e9ologique 144:4 (2022) 559-574<\/td>\n<\/tr>\n<tr class=\"row-8\">\n\t<td class=\"column-1\">7<\/td><td class=\"column-2\"><a href=\"https:\/\/biblioteca.agustinosvalladolid.es\/cgi-bin\/koha\/opac-detail.pl?biblionumber=182321\" target=\"_blank\" rel=\"noopener\">182321<\/a><\/td><td class=\"column-3\">Jos\u00e9 Manuel Hern\u00e1ndez Carracedo, Relectura del relato del Diluvio en tiempos de pandemia \/ Publicado en Salmanticensis 68:1 (2021) 83-105<\/td>\n<\/tr>\n<tr class=\"row-9\">\n\t<td class=\"column-1\">8<\/td><td class=\"column-2\"><a href=\"https:\/\/biblioteca.agustinosvalladolid.es\/cgi-bin\/koha\/opac-detail.pl?biblionumber=182320\" target=\"_blank\" rel=\"noopener\">182320<\/a><\/td><td class=\"column-3\">Guillermo Juan Morado, La fe que nos salva. Aproximaci\u00f3n pastoral a la teolog\u00eda fundamental de Fernando Sebasti\u00e1n Aguilar \/ Publicado en Salmanticensis 69:1-2 (2022) 103-130<\/td>\n<\/tr>\n<tr class=\"row-10\">\n\t<td class=\"column-1\">9<\/td><td class=\"column-2\"><a href=\"https:\/\/biblioteca.agustinosvalladolid.es\/cgi-bin\/koha\/opac-detail.pl?biblionumber=182319\" target=\"_blank\" rel=\"noopener\">182319<\/a><\/td><td class=\"column-3\">Abd\u00f3n Moreno Garc\u00eda, Humanismo en la est\u00e9tica de la recepci\u00f3n (Rezeptions\u00e4sthetik). Al hablar sobre Dios: la Escuela de Constanza \/ Publicado en Salmanticensis 69:1-2 (2022) 77-102<\/td>\n<\/tr>\n<tr class=\"row-11\">\n\t<td class=\"column-1\">10<\/td><td class=\"column-2\"><a href=\"https:\/\/biblioteca.agustinosvalladolid.es\/cgi-bin\/koha\/opac-detail.pl?biblionumber=182318\" target=\"_blank\" rel=\"noopener\">182318<\/a><\/td><td class=\"column-3\">Carmine Ferrara, Gli sviluppi dell'interpretazione dell'anima mundi nel pensiero filosofico di Guglielmo di Conches \/ Publicado en Antonianum 97:3 (2022) 617-640<\/td>\n<\/tr>\n<tr class=\"row-12\">\n\t<td class=\"column-1\">11<\/td><td class=\"column-2\"><a href=\"https:\/\/biblioteca.agustinosvalladolid.es\/cgi-bin\/koha\/opac-detail.pl?biblionumber=182317\" target=\"_blank\" rel=\"noopener\">182317<\/a><\/td><td class=\"column-3\">Americo Miranda, Il misterio nell'educazione del cristiano : Riflessi della visione mistagogica agostiniana nella vita dei fedeli \/Publicado en Antonianum 97:3 (2022) 593-615<\/td>\n<\/tr>\n<tr class=\"row-13\">\n\t<td class=\"column-1\">12<\/td><td class=\"column-2\"><a href=\"https:\/\/biblioteca.agustinosvalladolid.es\/cgi-bin\/koha\/opac-detail.pl?biblionumber=182316\" target=\"_blank\" rel=\"noopener\">182316<\/a><\/td><td class=\"column-3\">Jean-Claude Mulekya Kinombe, OFM, La th\u00e9ologie africaine \u00e0 l'\u00e9coute du destinataire : Penser la th\u00e9ologie contextuelle avec Jean-Marc Ela \/Publicado en Antonianum 97:3 (2022) 563-591<\/td>\n<\/tr>\n<tr class=\"row-14\">\n\t<td class=\"column-1\">13<\/td><td class=\"column-2\"><a href=\"https:\/\/biblioteca.agustinosvalladolid.es\/cgi-bin\/koha\/opac-detail.pl?biblionumber=182315\" target=\"_blank\" rel=\"noopener\">182315<\/a><\/td><td class=\"column-3\">Pietro Podolak, Tertulliano e Metodio di Olimpo: proposte di ricostruzione del Peri anastaseos attribuito a Giustino martire \/ Publicado en Augustinianum 62:1 (2022) 49-78<\/td>\n<\/tr>\n<tr class=\"row-15\">\n\t<td class=\"column-1\">14<\/td><td class=\"column-2\"><a href=\"https:\/\/biblioteca.agustinosvalladolid.es\/cgi-bin\/koha\/opac-detail.pl?biblionumber=182314\" target=\"_blank\" rel=\"noopener\">182314<\/a><\/td><td class=\"column-3\">Jean-Christophe de Nada\u00ef, Retour sur les cinq propositions de la constitution Cum occasione \/ Publicado en Revue des sciences philosophiques et th\u00e9ologiques 106:1 (2022) 37-78<\/td>\n<\/tr>\n<\/tbody>\n<\/table>\n<!-- #tablepress-6 from cache -->\n","protected":false},"excerpt":{"rendered":"<p>6 de noviembre de 2022 \u00a0 \u00a0 \u00a0 \u00a0 \u00a0 A continuaci\u00f3n algunos art\u00edculos recientes publicados en las revistas y que tienen particular relevancia seg\u00fan los criterios que dec\u00edamos en la primera entrada.<\/p>\n","protected":false},"author":1,"featured_media":0,"comment_status":"open","ping_status":"closed","sticky":false,"template":"","format":"standard","meta":{"footnotes":""},"categories":[10],"tags":[11],"class_list":["post-226","post","type-post","status-publish","format-standard","hentry","category-novedades-en-articulos","tag-teologia-fundamental","entry"],"_links":{"self":[{"href":"https:\/\/bibliotecario.agustinosvalladolid.es\/index.php\/wp-json\/wp\/v2\/posts\/226","targetHints":{"allow":["GET"]}}],"collection":[{"href":"https:\/\/bibliotecario.agustinosvalladolid.es\/index.php\/wp-json\/wp\/v2\/posts"}],"about":[{"href":"https:\/\/bibliotecario.agustinosvalladolid.es\/index.php\/wp-json\/wp\/v2\/types\/post"}],"author":[{"embeddable":true,"href":"https:\/\/bibliotecario.agustinosvalladolid.es\/index.php\/wp-json\/wp\/v2\/users\/1"}],"replies":[{"embeddable":true,"href":"https:\/\/bibliotecario.agustinosvalladolid.es\/index.php\/wp-json\/wp\/v2\/comments?post=226"}],"version-history":[{"count":24,"href":"https:\/\/bibliotecario.agustinosvalladolid.es\/index.php\/wp-json\/wp\/v2\/posts\/226\/revisions"}],"predecessor-version":[{"id":259,"href":"https:\/\/bibliotecario.agustinosvalladolid.es\/index.php\/wp-json\/wp\/v2\/posts\/226\/revisions\/259"}],"wp:attachment":[{"href":"https:\/\/bibliotecario.agustinosvalladolid.es\/index.php\/wp-json\/wp\/v2\/media?parent=226"}],"wp:term":[{"taxonomy":"category","embeddable":true,"href":"https:\/\/bibliotecario.agustinosvalladolid.es\/index.php\/wp-json\/wp\/v2\/categories?post=226"},{"taxonomy":"post_tag","embeddable":true,"href":"https:\/\/bibliotecario.agustinosvalladolid.es\/index.php\/wp-json\/wp\/v2\/tags?post=226"}],"curies":[{"name":"wp","href":"https:\/\/api.w.org\/{rel}","templated":true}]}}