{"id":188,"date":"2022-10-13T23:06:33","date_gmt":"2022-10-13T21:06:33","guid":{"rendered":"https:\/\/bibliotecario.agustinosvalladolid.es\/?p=188"},"modified":"2022-11-07T10:05:14","modified_gmt":"2022-11-07T09:05:14","slug":"nuevos-libros","status":"publish","type":"post","link":"https:\/\/bibliotecario.agustinosvalladolid.es\/index.php\/2022\/10\/13\/nuevos-libros\/","title":{"rendered":"Nuevos libros"},"content":{"rendered":"\n<h2 class=\"wp-block-heading\"><span style=\"color: #000080;\">14 de octubre de 2022<\/span><\/h2>\n\n\n\n<p>&nbsp; &nbsp; &nbsp; A continuaci\u00f3n sigue la relaci\u00f3n de libros incorporados a la Biblioteca en estas dos \u00faltimas semanas. Como se ve hamos completado las \u00faltimas novedades publicadas por S\u00edgueme y algunos t\u00edtulos m\u00e1s antiguos de su cat\u00e1logo que no ten\u00edamos. Pr\u00e1cticamente ya tenemos completo el cat\u00e1logo de S\u00edgueme en la Biblioteca, aunque siempre faltan t\u00edtulos.&nbsp;<\/p>\n\n\n\n<!--more Seguir leyendo-->\n\n\n\n<p>Destacan algunos manuales recientes y otras obras de bibliograf\u00eda complementaria para asignaturas del Bachillerato en Teolog\u00eda.<\/p>\n\n\n\n<p>Haciendo click en el n\u00famero de registro se va a la ficha del libro en el cat\u00e1logo de la Biblioteca. En ocasiones, haciendo click en la pesta\u00f1a de \u00abnotas de t\u00edtulo\u00bb se obtiene m\u00e1s informaci\u00f3n.<\/p>\n\n\n\n<table id=\"tablepress-5\" class=\"tablepress tablepress-id-5\">\n<thead>\n<tr class=\"row-1\">\n\t<th class=\"column-1\">N\u00ba<\/th><th class=\"column-2\">Registro<\/th><th class=\"column-3\">Ficha<\/th>\n<\/tr>\n<\/thead>\n<tbody class=\"row-striping row-hover\">\n<tr class=\"row-2\">\n\t<td class=\"column-1\">1<\/td><td class=\"column-2\"><a href=\"https:\/\/biblioteca.agustinosvalladolid.es\/cgi-bin\/koha\/opac-detail.pl?biblionumber=182356\" target=\"_blank\" rel=\"noopener\">182356<\/a><\/td><td class=\"column-3\">Adolphe Gesch\u00e9 ; [tradujo Alfonso Ortiz], El mal : Dios para pensar I \/ (S\u00edgueme,  Salamanca :  2010)<\/td>\n<\/tr>\n<tr class=\"row-3\">\n\t<td class=\"column-1\">2<\/td><td class=\"column-2\"><a href=\"https:\/\/biblioteca.agustinosvalladolid.es\/cgi-bin\/koha\/opac-detail.pl?biblionumber=182355\" target=\"_blank\" rel=\"noopener\">182355<\/a><\/td><td class=\"column-3\">Adolphe Gesch\u00e9 ; [tradujo Mario Sala], El hombre : Dios para pensar II \/ (S\u00edgueme,  Salamanca :  2010)<\/td>\n<\/tr>\n<tr class=\"row-4\">\n\t<td class=\"column-1\">3<\/td><td class=\"column-2\"><a href=\"https:\/\/biblioteca.agustinosvalladolid.es\/cgi-bin\/koha\/opac-detail.pl?biblionumber=182353\" target=\"_blank\" rel=\"noopener\">182353<\/a><\/td><td class=\"column-3\">Lorenzo de la Resurrecci\u00f3n ; traducci\u00f3n de Fernando Garc\u00eda-Bar\u00f3 Huarte, La pr\u00e1ctica de la presencia de Dios en la vida cotidiana : Dichos, cartas y testimonios \/ (S\u00edgueme, Salamanca : 2021)<\/td>\n<\/tr>\n<tr class=\"row-5\">\n\t<td class=\"column-1\">4<\/td><td class=\"column-2\"><a href=\"https:\/\/biblioteca.agustinosvalladolid.es\/cgi-bin\/koha\/opac-detail.pl?biblionumber=182352\" target=\"_blank\" rel=\"noopener\">182352<\/a><\/td><td class=\"column-3\">Seraf\u00edn de Sarov ; [edici\u00f3n preparada por Luis Rubio Mor\u00e1n], Conversaciones sobre el Esp\u00edritu Santo : Seguidas de la vida y los trabajos del staretz san Seraf\u00edn \/ (S\u00edgueme, Salamanca : 2016)<\/td>\n<\/tr>\n<tr class=\"row-6\">\n\t<td class=\"column-1\">5<\/td><td class=\"column-2\"><a href=\"https:\/\/biblioteca.agustinosvalladolid.es\/cgi-bin\/koha\/opac-detail.pl?biblionumber=182351\" target=\"_blank\" rel=\"noopener\">182351<\/a><\/td><td class=\"column-3\">Guillermo de Saint-Thierry ; [tradujo Eduardo Otero Pereira], Exposici\u00f3n sobre el Cantar de los Cantares  (S\u00edgueme Salamanca : 2013)<\/td>\n<\/tr>\n<tr class=\"row-7\">\n\t<td class=\"column-1\">6<\/td><td class=\"column-2\"><a href=\"https:\/\/biblioteca.agustinosvalladolid.es\/cgi-bin\/koha\/opac-detail.pl?biblionumber=182350\" target=\"_blank\" rel=\"noopener\">182350<\/a><\/td><td class=\"column-3\">Benito de Nursia ; [Traducci\u00f3n de Francisco Javier Molina de la Torre], Regla de los monjes \/  (S\u00edgueme, Salamanca : 2006)<\/td>\n<\/tr>\n<tr class=\"row-8\">\n\t<td class=\"column-1\">7<\/td><td class=\"column-2\"><a href=\"https:\/\/biblioteca.agustinosvalladolid.es\/cgi-bin\/koha\/opac-detail.pl?biblionumber=182349\" target=\"_blank\" rel=\"noopener\">182349<\/a><\/td><td class=\"column-3\">Matteo Crimella ; [traducci\u00f3n de Santiago Guijarro Oporto], Padre nuestro : la oraci\u00f3n de Jes\u00fas en los evangelios \/ (S\u00edgueme, Salamanca : 2022)<\/td>\n<\/tr>\n<tr class=\"row-9\">\n\t<td class=\"column-1\">8<\/td><td class=\"column-2\"><a href=\"https:\/\/biblioteca.agustinosvalladolid.es\/cgi-bin\/koha\/opac-detail.pl?biblionumber=182348\" target=\"_blank\" rel=\"noopener\">182348<\/a><\/td><td class=\"column-3\">Adolphe Gesch\u00e9 ; [tradujo Luis Rubio Mor\u00e1n], La paradoja de la fe \/  (S\u00edgueme, Salamanca : 2013)<\/td>\n<\/tr>\n<tr class=\"row-10\">\n\t<td class=\"column-1\">9<\/td><td class=\"column-2\"><a href=\"https:\/\/biblioteca.agustinosvalladolid.es\/cgi-bin\/koha\/opac-detail.pl?biblionumber=182347\" target=\"_blank\" rel=\"noopener\">182347<\/a><\/td><td class=\"column-3\">Gabino Ur\u00edbarri Bilbao (ed.), La reciprocidad entre fe y sacramentos en la econom\u00eda sacramental : Comentario al documento de la Comisi\u00f3n Teol\u00f3gica Internacional \/ (BAC, Madrid : 2021)<\/td>\n<\/tr>\n<tr class=\"row-11\">\n\t<td class=\"column-1\">10<\/td><td class=\"column-2\"><a href=\"https:\/\/biblioteca.agustinosvalladolid.es\/cgi-bin\/koha\/opac-detail.pl?biblionumber=182346\" target=\"_blank\" rel=\"noopener\">182346<\/a><\/td><td class=\"column-3\">Pontificia Comisi\u00f3n B\u00edblica, \"\u00bfQu\u00e9 es el hombre?\" (Sal 8,5) : Un itinerario de antropolog\u00eda b\u00edblica \/ (BAC, Madrid : 2022)<\/td>\n<\/tr>\n<tr class=\"row-12\">\n\t<td class=\"column-1\">11<\/td><td class=\"column-2\"><a href=\"https:\/\/biblioteca.agustinosvalladolid.es\/cgi-bin\/koha\/opac-detail.pl?biblionumber=182343\" target=\"_blank\" rel=\"noopener\">182343<\/a><\/td><td class=\"column-3\">Janet P. Williams ; [Tradujo Fernando Garc\u00eda-Bar\u00f3 Huarte], Un Dios que es siempre m\u00e1s : Iniciaci\u00f3n a la espiritualidad apof\u00e1tica cristiana \/ (S\u00edgueme, Salamanca : 2021)<\/td>\n<\/tr>\n<tr class=\"row-13\">\n\t<td class=\"column-1\">12<\/td><td class=\"column-2\"><a href=\"https:\/\/biblioteca.agustinosvalladolid.es\/cgi-bin\/koha\/opac-detail.pl?biblionumber=182342\" target=\"_blank\" rel=\"noopener\">182342<\/a><\/td><td class=\"column-3\">Pablo Requena Meana, La buena muerte : Dignidad humana, cuidados paliativos y eutanasia \/ (S\u00edgueme, Salamanca : 2021)<\/td>\n<\/tr>\n<tr class=\"row-14\">\n\t<td class=\"column-1\">13<\/td><td class=\"column-2\"><a href=\"https:\/\/biblioteca.agustinosvalladolid.es\/cgi-bin\/koha\/opac-detail.pl?biblionumber=182341\" target=\"_blank\" rel=\"noopener\">182341<\/a><\/td><td class=\"column-3\">Attilio Stajano ; [Tradujo Jos\u00e9 \u00c1ngel Velasco Garc\u00eda], Amar hasta el final : Los cuidados paliativos frente al desaf\u00edo de la eutanasia \/ (S\u00edgueme, Salamanca : 2020)<\/td>\n<\/tr>\n<tr class=\"row-15\">\n\t<td class=\"column-1\">14<\/td><td class=\"column-2\"><a href=\"https:\/\/biblioteca.agustinosvalladolid.es\/cgi-bin\/koha\/opac-detail.pl?biblionumber=182340\" target=\"_blank\" rel=\"noopener\">182340<\/a><\/td><td class=\"column-3\">Jos\u00e9 Granados Garc\u00eda, Teolog\u00eda de los misterios de la vida de Jes\u00fas : Ensayo de cristolog\u00eda soteriol\u00f3gica \/ (S\u00edgueme,  Salamanca :  2009)<\/td>\n<\/tr>\n<tr class=\"row-16\">\n\t<td class=\"column-1\">15<\/td><td class=\"column-2\"><a href=\"https:\/\/biblioteca.agustinosvalladolid.es\/cgi-bin\/koha\/opac-detail.pl?biblionumber=182339\" target=\"_blank\" rel=\"noopener\">182339<\/a><\/td><td class=\"column-3\">Jos\u00e9 San Jos\u00e9 Prisco, Sinodalidad : Perspectivas teol\u00f3gicas, can\u00f3nicas y pastorales \/ (S\u00edgueme, Salamanca : 2022)<\/td>\n<\/tr>\n<tr class=\"row-17\">\n\t<td class=\"column-1\">16<\/td><td class=\"column-2\"><a href=\"https:\/\/biblioteca.agustinosvalladolid.es\/cgi-bin\/koha\/opac-detail.pl?biblionumber=182338\" target=\"_blank\" rel=\"noopener\">182338<\/a><\/td><td class=\"column-3\">Archimandrita Sophrony ; [tradujo Joaqu\u00edn Maristany], La oraci\u00f3n : experiencia de la eternidad \/ (S\u00edgueme,  Salamanca : 2009)<\/td>\n<\/tr>\n<tr class=\"row-18\">\n\t<td class=\"column-1\">17<\/td><td class=\"column-2\"><a href=\"https:\/\/biblioteca.agustinosvalladolid.es\/cgi-bin\/koha\/opac-detail.pl?biblionumber=182337\" target=\"_blank\" rel=\"noopener\">182337<\/a><\/td><td class=\"column-3\">Archimandrita Sophrony ; [tradujo Joaqu\u00edn Maristany], Escritos de San Silouan el Athonita \/  (S\u00edgueme,  Salamanca : 2011)<\/td>\n<\/tr>\n<tr class=\"row-19\">\n\t<td class=\"column-1\">18<\/td><td class=\"column-2\"><a href=\"https:\/\/biblioteca.agustinosvalladolid.es\/cgi-bin\/koha\/opac-detail.pl?biblionumber=182336\" target=\"_blank\" rel=\"noopener\">182336<\/a><\/td><td class=\"column-3\">Archimandrita Sophrony ; [tradujo Joaqu\u00edn Maristany], Vida y ense\u00f1anza de San Silouan el Athonita \/  (S\u00edgueme,  Salamanca : 2014)<\/td>\n<\/tr>\n<tr class=\"row-20\">\n\t<td class=\"column-1\">19<\/td><td class=\"column-2\"><a href=\"https:\/\/biblioteca.agustinosvalladolid.es\/cgi-bin\/koha\/opac-detail.pl?biblionumber=182335\" target=\"_blank\" rel=\"noopener\">182335<\/a><\/td><td class=\"column-3\">Lope Rubio Parrado, Luis Rubio Mor\u00e1n, San Juan de \u00c1vila, maestro y doctor \/  (S\u00edgueme, Salamanca : 2012)<\/td>\n<\/tr>\n<tr class=\"row-21\">\n\t<td class=\"column-1\">20<\/td><td class=\"column-2\"><a href=\"https:\/\/biblioteca.agustinosvalladolid.es\/cgi-bin\/koha\/opac-detail.pl?biblionumber=182334\" target=\"_blank\" rel=\"noopener\">182334<\/a><\/td><td class=\"column-3\">Xabier Pikaza, Trinidad : Itinerario de Dios al hombre \/ (S\u00edgueme, Salamanca : 2015)<\/td>\n<\/tr>\n<tr class=\"row-22\">\n\t<td class=\"column-1\">21<\/td><td class=\"column-2\"><a href=\"https:\/\/biblioteca.agustinosvalladolid.es\/cgi-bin\/koha\/opac-detail.pl?biblionumber=182333\" target=\"_blank\" rel=\"noopener\">182333<\/a><\/td><td class=\"column-3\">, Vocabulario griego del Nuevo Testamento  (S\u00edgueme, Salamanca : 2015)<\/td>\n<\/tr>\n<tr class=\"row-23\">\n\t<td class=\"column-1\">22<\/td><td class=\"column-2\"><a href=\"https:\/\/biblioteca.agustinosvalladolid.es\/cgi-bin\/koha\/opac-detail.pl?biblionumber=182332\" target=\"_blank\" rel=\"noopener\">182332<\/a><\/td><td class=\"column-3\">Ysabel de Andia ; [tradujo Mercedes Huarte Lux\u00e1n], M\u00edstica : El admirable misterio de Dios y del hombre en Cristo \/ (S\u00edgueme, Salamanca : 2022)<\/td>\n<\/tr>\n<tr class=\"row-24\">\n\t<td class=\"column-1\">23<\/td><td class=\"column-2\"><a href=\"https:\/\/biblioteca.agustinosvalladolid.es\/cgi-bin\/koha\/opac-detail.pl?biblionumber=182331\" target=\"_blank\" rel=\"noopener\">182331<\/a><\/td><td class=\"column-3\">Pilar Gonz\u00e1lez Casado, Introducci\u00f3n a la literatura \u00e1rabe cristiana \/  (S\u00edgueme, Salamanca : 2017)<\/td>\n<\/tr>\n<tr class=\"row-25\">\n\t<td class=\"column-1\">24<\/td><td class=\"column-2\"><a href=\"https:\/\/biblioteca.agustinosvalladolid.es\/cgi-bin\/koha\/opac-detail.pl?biblionumber=182330\" target=\"_blank\" rel=\"noopener\">182330<\/a><\/td><td class=\"column-3\">Samuel Fern\u00e1ndez, El descubrimiento de Jes\u00fas : Los primeros debates cristol\u00f3gicos y su relevancia para nosotros \/ (S\u00edgueme, Salamanca : 2022)<\/td>\n<\/tr>\n<tr class=\"row-26\">\n\t<td class=\"column-1\">25<\/td><td class=\"column-2\"><a href=\"https:\/\/biblioteca.agustinosvalladolid.es\/cgi-bin\/koha\/opac-detail.pl?biblionumber=182329\" target=\"_blank\" rel=\"noopener\">182329<\/a><\/td><td class=\"column-3\">Teodoro de Mopsuestia ; Edici\u00f3n preparada por Francisco Jos\u00e9 L\u00f3pez S\u00e1ez, El Padrenuestro, el Bautismo y la Eucarist\u00eda : Catequesis mistag\u00f3gicas XI-XVI \/ (S\u00edgueme, Salamanca : 2021)<\/td>\n<\/tr>\n<tr class=\"row-27\">\n\t<td class=\"column-1\">26<\/td><td class=\"column-2\"><a href=\"https:\/\/biblioteca.agustinosvalladolid.es\/cgi-bin\/koha\/opac-detail.pl?biblionumber=182328\" target=\"_blank\" rel=\"noopener\">182328<\/a><\/td><td class=\"column-3\">Ren\u00e9 Girard ; Traducci\u00f3n de Tania Checchi, Cosas ocultas desde la fundaci\u00f3n del mundo \/  (S\u00edgueme,  Epidermis editorial, Salamanca : Ciudad de M\u00e9xico : 2021 2021)<\/td>\n<\/tr>\n<tr class=\"row-28\">\n\t<td class=\"column-1\">27<\/td><td class=\"column-2\"><a href=\"https:\/\/biblioteca.agustinosvalladolid.es\/cgi-bin\/koha\/opac-detail.pl?biblionumber=182324\" target=\"_blank\" rel=\"noopener\">182324<\/a><\/td><td class=\"column-3\">\u00d3scar Valado Dom\u00ednguez ; presentaci\u00f3n, por Guillermo Juan Morado, Manuel Garc\u00eda Morente :  una conversi\u00f3n a trav\u00e9s de la m\u00fasica \/ (BAC, Madrid : 2021)<\/td>\n<\/tr>\n<tr class=\"row-29\">\n\t<td class=\"column-1\">28<\/td><td class=\"column-2\"><a href=\"https:\/\/biblioteca.agustinosvalladolid.es\/cgi-bin\/koha\/opac-detail.pl?biblionumber=182323\" target=\"_blank\" rel=\"noopener\">182323<\/a><\/td><td class=\"column-3\">Nicol\u00e1s Malebranche ; [traducci\u00f3n de Javier Mart\u00edn Barinaga-Rementer\u00eda], Acerca de la investigaci\u00f3n de la verdad : Donde se trata la naturaleza del esp\u00edritu del hombre y del uso que debe hacerse de \u00e9l para evitar el error en las ciencias \/ (S\u00edgueme,  Salamanca : 2009)<\/td>\n<\/tr>\n<tr class=\"row-30\">\n\t<td class=\"column-1\">29<\/td><td class=\"column-2\"><a href=\"https:\/\/biblioteca.agustinosvalladolid.es\/cgi-bin\/koha\/opac-detail.pl?biblionumber=182322\" target=\"_blank\" rel=\"noopener\">182322<\/a><\/td><td class=\"column-3\">Soren Kierkegaard ; [traducci\u00f3n de Javier Teira y Nekane Legarreta], Post scriptum no cient\u00edfico y definitivo a \"Migajas filos\u00f3ficas\" \/  (S\u00edgueme, Salamanca : 2010)<\/td>\n<\/tr>\n<tr class=\"row-31\">\n\t<td class=\"column-1\">30<\/td><td class=\"column-2\"><a href=\"https:\/\/biblioteca.agustinosvalladolid.es\/cgi-bin\/koha\/opac-detail.pl?biblionumber=182310\" target=\"_blank\" rel=\"noopener\">182310<\/a><\/td><td class=\"column-3\">Plat\u00f3n ; Miguel Garc\u00eda-Bar\u00f3 ; comentario filos\u00f3fico de Miguel Garc\u00eda-Bar\u00f3 ; traducci\u00f3n y estudio final de Claudia M\u00e1rsico, La templanza y la prudencia : Hipias menor, C\u00e1rmides \/ (S\u00edgueme, Salamanca : 2020)<\/td>\n<\/tr>\n<tr class=\"row-32\">\n\t<td class=\"column-1\">31<\/td><td class=\"column-2\"><a href=\"https:\/\/biblioteca.agustinosvalladolid.es\/cgi-bin\/koha\/opac-detail.pl?biblionumber=182309\" target=\"_blank\" rel=\"noopener\">182309<\/a><\/td><td class=\"column-3\">Ricardo de san V\u00edctor ; edici\u00f3n biling\u00fce de Eduardo Otero Pereira, Beniamin minor : De praeparatione animi ad contemplationem \/ (S\u00edgueme, Salamanca : 2022)<\/td>\n<\/tr>\n<tr class=\"row-33\">\n\t<td class=\"column-1\">32<\/td><td class=\"column-2\"><a href=\"https:\/\/biblioteca.agustinosvalladolid.es\/cgi-bin\/koha\/opac-detail.pl?biblionumber=182308\" target=\"_blank\" rel=\"noopener\">182308<\/a><\/td><td class=\"column-3\">Anthony J. Steinbock ; edici\u00f3n a cargo de Roc\u00edo Garc\u00e9s Ferrer y Andr\u00e9s Alonso Martos, Mundo familiar y mundo ajeno: La fenomenolog\u00eda generativa tras Husserl \/ (S\u00edgueme, Salamanca : 2022)<\/td>\n<\/tr>\n<tr class=\"row-34\">\n\t<td class=\"column-1\">33<\/td><td class=\"column-2\"><a href=\"https:\/\/biblioteca.agustinosvalladolid.es\/cgi-bin\/koha\/opac-detail.pl?biblionumber=182307\" target=\"_blank\" rel=\"noopener\">182307<\/a><\/td><td class=\"column-3\">Alexander Schmemann ; [tradujo Francisco Javier Molina de la Torre], Introducci\u00f3n a la teolog\u00eda lit\u00fargica : A la luz de la tradici\u00f3n de la Iglesia Ortodoxa \/ (S\u00edgueme, Salamanca : 2021)<\/td>\n<\/tr>\n<tr class=\"row-35\">\n\t<td class=\"column-1\">34<\/td><td class=\"column-2\"><a href=\"https:\/\/biblioteca.agustinosvalladolid.es\/cgi-bin\/koha\/opac-detail.pl?biblionumber=182306\" target=\"_blank\" rel=\"noopener\">182306<\/a><\/td><td class=\"column-3\">Heike Springhart ; traducci\u00f3n de Alejandro del R\u00edo Herrmann, El hombre vulnerable : Morir, muerte y finitud en el horizonte de una antropolog\u00eda realista \/ (S\u00edgueme, Salamanca : 2020)<\/td>\n<\/tr>\n<tr class=\"row-36\">\n\t<td class=\"column-1\">35<\/td><td class=\"column-2\"><a href=\"https:\/\/biblioteca.agustinosvalladolid.es\/cgi-bin\/koha\/opac-detail.pl?biblionumber=182305\" target=\"_blank\" rel=\"noopener\">182305<\/a><\/td><td class=\"column-3\">Vlad\u00edmir Soloviov ; edici\u00f3n perparada por Miriam Fern\u00e1ndez Calzada, La transfiguraci\u00f3n de la belleza : Escritos de est\u00e9tica \/ (S\u00edgueme, Salamanca : 2021)<\/td>\n<\/tr>\n<tr class=\"row-37\">\n\t<td class=\"column-1\">36<\/td><td class=\"column-2\"><a href=\"https:\/\/biblioteca.agustinosvalladolid.es\/cgi-bin\/koha\/opac-detail.pl?biblionumber=182303\" target=\"_blank\" rel=\"noopener\">182303<\/a><\/td><td class=\"column-3\">Georg W. F. Hegel ; edici\u00f3n preparada por Mar\u00eda del Carmen Paredes Mart\u00edn, Creer y saber : o la Filosof\u00eda de la reflexi\u00f3n de la subjetividad en la totalidad de sus formas, como filosof\u00eda de Kant, de Jacobi y de Fichte \/ (S\u00edgueme, Salamanca : 2022)<\/td>\n<\/tr>\n<tr class=\"row-38\">\n\t<td class=\"column-1\">37<\/td><td class=\"column-2\"><a href=\"https:\/\/biblioteca.agustinosvalladolid.es\/cgi-bin\/koha\/opac-detail.pl?biblionumber=182302\" target=\"_blank\" rel=\"noopener\">182302<\/a><\/td><td class=\"column-3\">Henri Bergson ; presentaci\u00f3n y traducci\u00f3n de Patricio Pe\u00f1alver G\u00f3mez, Materia y memoria : Ensayo sobre la relaci\u00f3n del cuerpo con el esp\u00edritu \/ (S\u00edgueme, Salamanca : 2021)<\/td>\n<\/tr>\n<tr class=\"row-39\">\n\t<td class=\"column-1\">38<\/td><td class=\"column-2\"><a href=\"https:\/\/biblioteca.agustinosvalladolid.es\/cgi-bin\/koha\/opac-detail.pl?biblionumber=182301\" target=\"_blank\" rel=\"noopener\">182301<\/a><\/td><td class=\"column-3\">Jacinto Choza, Secularizaci\u00f3n \/  (Th\u00e9mata,  Sevilla : 2022)<\/td>\n<\/tr>\n<tr class=\"row-40\">\n\t<td class=\"column-1\">39<\/td><td class=\"column-2\"><a href=\"https:\/\/biblioteca.agustinosvalladolid.es\/cgi-bin\/koha\/opac-detail.pl?biblionumber=182300\" target=\"_blank\" rel=\"noopener\">182300<\/a><\/td><td class=\"column-3\">\u00c1ngel Cordovilla P\u00e9rez, Teolog\u00eda de la salvaci\u00f3n \/  (S\u00edgueme, Salamanca : 2021)<\/td>\n<\/tr>\n<tr class=\"row-41\">\n\t<td class=\"column-1\">40<\/td><td class=\"column-2\"><a href=\"https:\/\/biblioteca.agustinosvalladolid.es\/cgi-bin\/koha\/opac-detail.pl?biblionumber=182299\" target=\"_blank\" rel=\"noopener\">182299<\/a><\/td><td class=\"column-3\">Migel \u00c1. Granada, Filosof\u00eda y religi\u00f3n en el Renacimiento : De Gemisto Plet\u00f3n a Galileo \/ (Th\u00e9mata,  Sevilla : 2021)<\/td>\n<\/tr>\n<tr class=\"row-42\">\n\t<td class=\"column-1\">41<\/td><td class=\"column-2\"><a href=\"https:\/\/biblioteca.agustinosvalladolid.es\/cgi-bin\/koha\/opac-detail.pl?biblionumber=182298\" target=\"_blank\" rel=\"noopener\">182298<\/a><\/td><td class=\"column-3\">Daniel Palau Valero (Ed.), Francisco, pastor y t\u00e9ologo : Actas del Congreso \"La aportaci\u00f3n del papa Francisco a la teolog\u00eda y a la pastoral de la Iglesia\" (Barcelona, 12-14 de noviembre de 2019) \/ (PPC, Madrid : 2020)<\/td>\n<\/tr>\n<tr class=\"row-43\">\n\t<td class=\"column-1\">42<\/td><td class=\"column-2\"><a href=\"https:\/\/biblioteca.agustinosvalladolid.es\/cgi-bin\/koha\/opac-detail.pl?biblionumber=182297\" target=\"_blank\" rel=\"noopener\">182297<\/a><\/td><td class=\"column-3\">\u00d3scar Moriana ; pr\u00f3logo de Jos\u00e9 Carlos Bermejo Higuera, La Iglesia en acci\u00f3n : Un m\u00e9todo pastoral para la ayuda cristiana \/ (Sal Terrae,  Malia\u00f1o : 2019)<\/td>\n<\/tr>\n<tr class=\"row-44\">\n\t<td class=\"column-1\">43<\/td><td class=\"column-2\"><a href=\"https:\/\/biblioteca.agustinosvalladolid.es\/cgi-bin\/koha\/opac-detail.pl?biblionumber=182296\" target=\"_blank\" rel=\"noopener\">182296<\/a><\/td><td class=\"column-3\">Erasmo de Rotterdam ; traducci\u00f3n, introducci\u00f3n y notas de Miguel \u00c1. Granada, Del desprecio del mundo \/  (Th\u00e9mata, Sevila : 2020)<\/td>\n<\/tr>\n<tr class=\"row-45\">\n\t<td class=\"column-1\">44<\/td><td class=\"column-2\"><a href=\"https:\/\/biblioteca.agustinosvalladolid.es\/cgi-bin\/koha\/opac-detail.pl?biblionumber=182294\" target=\"_blank\" rel=\"noopener\">182294<\/a><\/td><td class=\"column-3\">AECA (Asociaci\u00f3n Espa\u00f1ola de Catequetas), Comentario al Directorio para la catequesis \/  (PPC, Madrid : 2022)<\/td>\n<\/tr>\n<tr class=\"row-46\">\n\t<td class=\"column-1\">45<\/td><td class=\"column-2\"><a href=\"https:\/\/biblioteca.agustinosvalladolid.es\/cgi-bin\/koha\/opac-detail.pl?biblionumber=182293\" target=\"_blank\" rel=\"noopener\">182293<\/a><\/td><td class=\"column-3\">Card. Tom\u00e1s Spidl\u00edk ; Marko I. Rupnik ; con contribuciones de Mar\u00eda Campatelli, Michelina Tenace y Milan Zust ; traducci\u00f3n Pablo Cervera, Lourdes V\u00e1zquez y Sol Corcuera ; revisi\u00f3n Pablo Cervera, Teolog\u00eda de la evangelizaci\u00f3n desde la belleza \/  (Bac,  Madrid :  2013)<\/td>\n<\/tr>\n<tr class=\"row-47\">\n\t<td class=\"column-1\">46<\/td><td class=\"column-2\"><a href=\"https:\/\/biblioteca.agustinosvalladolid.es\/cgi-bin\/koha\/opac-detail.pl?biblionumber=182292\" target=\"_blank\" rel=\"noopener\">182292<\/a><\/td><td class=\"column-3\">Helmut Hoping ; [Traducido por Jos\u00e9 Manuel Lozano-Gotor Perena], Jes\u00fas de Galilea: Mes\u00edas e Hijo de Dios \/ (S\u00edgueme, Salamanca : 2022)<\/td>\n<\/tr>\n<tr class=\"row-48\">\n\t<td class=\"column-1\">47<\/td><td class=\"column-2\"><a href=\"https:\/\/biblioteca.agustinosvalladolid.es\/cgi-bin\/koha\/opac-detail.pl?biblionumber=182291\" target=\"_blank\" rel=\"noopener\">182291<\/a><\/td><td class=\"column-3\">Santiago Guijarro, Los cuatro evangelios \/  (S\u00edgueme, Salamanca : 2021)<\/td>\n<\/tr>\n<tr class=\"row-49\">\n\t<td class=\"column-1\">48<\/td><td class=\"column-2\"><a href=\"https:\/\/biblioteca.agustinosvalladolid.es\/cgi-bin\/koha\/opac-detail.pl?biblionumber=182290\" target=\"_blank\" rel=\"noopener\">182290<\/a><\/td><td class=\"column-3\">Joel B. Green ; [Tradujo Francisco Javier Molina de la Torre], El evangelio de Lucas.  (S\u00edgueme, Salamanca : 2021-2022)<\/td>\n<\/tr>\n<tr class=\"row-50\">\n\t<td class=\"column-1\">49<\/td><td class=\"column-2\"><a href=\"https:\/\/biblioteca.agustinosvalladolid.es\/cgi-bin\/koha\/opac-detail.pl?biblionumber=182289\" target=\"_blank\" rel=\"noopener\">182289<\/a><\/td><td class=\"column-3\">Juan Chapa, La transmisi\u00f3n textual del nuevo testamento : Manuscritos, variantes y autoridad \/ (S\u00edgueme, Salamanca : 2021)<\/td>\n<\/tr>\n<tr class=\"row-51\">\n\t<td class=\"column-1\">50<\/td><td class=\"column-2\"><a href=\"https:\/\/biblioteca.agustinosvalladolid.es\/cgi-bin\/koha\/opac-detail.pl?biblionumber=182288\" target=\"_blank\" rel=\"noopener\">182288<\/a><\/td><td class=\"column-3\">Santiago Guijarro, Metodolog\u00eda exeg\u00e9tica del nuevo testamento \/  (S\u00edgueme, Salamanca : 2021)<\/td>\n<\/tr>\n<tr class=\"row-52\">\n\t<td class=\"column-1\">51<\/td><td class=\"column-2\"><a href=\"https:\/\/biblioteca.agustinosvalladolid.es\/cgi-bin\/koha\/opac-detail.pl?biblionumber=182287\" target=\"_blank\" rel=\"noopener\">182287<\/a><\/td><td class=\"column-3\">Bernd U. Schipper ; [Tradujo Jos\u00e9 Manuel Lozano Gotor], Breve historia del antiguo Israel \/  (S\u00edgueme, Salamanca : 2021)<\/td>\n<\/tr>\n<tr class=\"row-53\">\n\t<td class=\"column-1\">52<\/td><td class=\"column-2\"><a href=\"https:\/\/biblioteca.agustinosvalladolid.es\/cgi-bin\/koha\/opac-detail.pl?biblionumber=182286\" target=\"_blank\" rel=\"noopener\">182286<\/a><\/td><td class=\"column-3\">Armand Puig, El sacramento de la Eucarist\u00eda : De la \u00faltima cena de Jes\u00fas a la liturgia cristiana antigua \/ (S\u00edgueme, Salamanca : 2021)<\/td>\n<\/tr>\n<tr class=\"row-54\">\n\t<td class=\"column-1\">53<\/td><td class=\"column-2\"><a href=\"https:\/\/biblioteca.agustinosvalladolid.es\/cgi-bin\/koha\/opac-detail.pl?biblionumber=182274\" target=\"_blank\" rel=\"noopener\">182274<\/a><\/td><td class=\"column-3\">Adolphe Gesch\u00e9 ; edici\u00f3n preparada por Paulo Rodrigues ; [tradujo de los textos originales en franc\u00e9s, Mercedes Huarte Lux\u00e1n], La teolog\u00eda :  (S\u00edgueme, Salamanca : 2017)<\/td>\n<\/tr>\n<tr class=\"row-55\">\n\t<td class=\"column-1\">54<\/td><td class=\"column-2\"><a href=\"https:\/\/biblioteca.agustinosvalladolid.es\/cgi-bin\/koha\/opac-detail.pl?biblionumber=182273\" target=\"_blank\" rel=\"noopener\">182273<\/a><\/td><td class=\"column-3\">Luciano Sandrin ; pr\u00f3logo de Jos\u00e9 Carlos Bermejo ; [traducci\u00f3n Fernando Montesinos Pons], Comunidad sanadora : de la pastoral de la salud a la salud de la pastoral \/ (Sal Terrae : Centro de Humanizaci\u00f3n de la Salud, Malia\u00f1o : 2021)<\/td>\n<\/tr>\n<\/tbody>\n<\/table>\n<!-- #tablepress-5 from cache -->\n\n\n\n<p><\/p>\n","protected":false},"excerpt":{"rendered":"<p>14 de octubre de 2022 &nbsp; &nbsp; &nbsp; A continuaci\u00f3n sigue la relaci\u00f3n de libros incorporados a la Biblioteca en estas dos \u00faltimas semanas. Como se ve hamos completado las \u00faltimas novedades publicadas por S\u00edgueme y algunos t\u00edtulos m\u00e1s antiguos de su cat\u00e1logo que no ten\u00edamos. Pr\u00e1cticamente ya tenemos completo el cat\u00e1logo de S\u00edgueme en&hellip; <a class=\"more-link\" href=\"https:\/\/bibliotecario.agustinosvalladolid.es\/index.php\/2022\/10\/13\/nuevos-libros\/\">Seguir leyendo <span class=\"screen-reader-text\">Nuevos libros<\/span><\/a><\/p>\n","protected":false},"author":1,"featured_media":0,"comment_status":"open","ping_status":"","sticky":false,"template":"","format":"standard","meta":{"footnotes":""},"categories":[14],"tags":[15,16],"class_list":["post-188","post","type-post","status-publish","format-standard","hentry","category-novedades-en-libros","tag-asignaturas","tag-bachillerato-en-teologia","entry"],"_links":{"self":[{"href":"https:\/\/bibliotecario.agustinosvalladolid.es\/index.php\/wp-json\/wp\/v2\/posts\/188","targetHints":{"allow":["GET"]}}],"collection":[{"href":"https:\/\/bibliotecario.agustinosvalladolid.es\/index.php\/wp-json\/wp\/v2\/posts"}],"about":[{"href":"https:\/\/bibliotecario.agustinosvalladolid.es\/index.php\/wp-json\/wp\/v2\/types\/post"}],"author":[{"embeddable":true,"href":"https:\/\/bibliotecario.agustinosvalladolid.es\/index.php\/wp-json\/wp\/v2\/users\/1"}],"replies":[{"embeddable":true,"href":"https:\/\/bibliotecario.agustinosvalladolid.es\/index.php\/wp-json\/wp\/v2\/comments?post=188"}],"version-history":[{"count":24,"href":"https:\/\/bibliotecario.agustinosvalladolid.es\/index.php\/wp-json\/wp\/v2\/posts\/188\/revisions"}],"predecessor-version":[{"id":264,"href":"https:\/\/bibliotecario.agustinosvalladolid.es\/index.php\/wp-json\/wp\/v2\/posts\/188\/revisions\/264"}],"wp:attachment":[{"href":"https:\/\/bibliotecario.agustinosvalladolid.es\/index.php\/wp-json\/wp\/v2\/media?parent=188"}],"wp:term":[{"taxonomy":"category","embeddable":true,"href":"https:\/\/bibliotecario.agustinosvalladolid.es\/index.php\/wp-json\/wp\/v2\/categories?post=188"},{"taxonomy":"post_tag","embeddable":true,"href":"https:\/\/bibliotecario.agustinosvalladolid.es\/index.php\/wp-json\/wp\/v2\/tags?post=188"}],"curies":[{"name":"wp","href":"https:\/\/api.w.org\/{rel}","templated":true}]}}